{"id":6108,"date":"2018-04-23T15:30:29","date_gmt":"2018-04-23T15:30:29","guid":{"rendered":"http:\/\/www.andacolloconectado.cl\/?p=6108"},"modified":"2018-04-23T15:30:29","modified_gmt":"2018-04-23T15:30:29","slug":"multitudinaria-fue-la-historica-visita-del-nino-dios-de-sotaqui-a-andacollo","status":"publish","type":"post","link":"https:\/\/www.andacolloconectado.cl\/index.php\/multitudinaria-fue-la-historica-visita-del-nino-dios-de-sotaqui-a-andacollo\/","title":{"rendered":"Multitudinaria fue la hist\u00f3rica visita del Ni\u00f1o Dios de Sotaqu\u00ed a Andacollo"},"content":{"rendered":"<p style=\"text-align: justify;\"><strong>La Santa Misa y la Solemne Procesi\u00f3n de las Andas fueron los puntos clave de la jornada. \u00c9sta \u00faltima recorri\u00f3 calle Urmeneta hasta llegar a la Plaza de Andacollo, pasando por calle Condell y avenida Beltr\u00e1n Amen\u00e1bar.<\/strong><\/p>\n<p style=\"text-align: justify;\">\n<p style=\"text-align: justify;\"><span style=\"font-weight: 400;\">El Ni\u00f1o Dios de Sotaqu\u00ed visit\u00f3 Andacollo bajo la multitudinaria participaci\u00f3n de la comunidad. La Imagen Santa fue acompa\u00f1ada, durante su largo peregrinar, por el Club de Huasos de Andacollo, el Club de Huaso de Cabritos y los bailes religiosos de las agrupaciones locales. La jornada tuvo su c\u00falmine, cerca del mediod\u00eda, cuando este importante visitante ingres\u00f3 al atrio de la Bas\u00edlica para la Santa Misa Solemne, presidida por Monse\u00f1or Gaspar Quintana.<\/span><\/p>\n<p style=\"text-align: justify;\"><span style=\"font-weight: 400;\">La jornada se inici\u00f3, muy temprano en la ma\u00f1ana, con la llegada de la caravana al sector Cruz Verde y la colocaci\u00f3n de la Imagen en el anda y se cerr\u00f3, entrada la tarde, con la despedida de esta ilustre visita, por parte del Monse\u00f1or Ren\u00e9 Rebolledo y los Padres Adam Bartizol y Jos\u00e9 Antonio L\u00f3pez.<\/span><\/p>\n<p style=\"text-align: justify;\"><span style=\"font-weight: 400;\">Tras terminado el largo d\u00eda de celebraciones por tan ilustre visita, el Arzobispo de La Serena, Monse\u00f1or Ren\u00e9 Rebolledo, destac\u00f3 la gran adherencia de los andacollinos a la peregrinaci\u00f3n, agregando que esperan este apoyo para seguir conmemorando el D\u00eda del Buen Pastor: \u201cFue una celebraci\u00f3n muy hermosa y especial, sobretodo la Santa Misa con Monse\u00f1or Gaspar Quintana, Obispo Em\u00e9rito de Copiap\u00f3, que vive, hace varios a\u00f1os, aqu\u00ed en Andacollo. Somos testigos de que la procesi\u00f3n del Ni\u00f1o Dios por las calles de la comuna fue una maravilla. Agradecemos a Dios que hemos podido vivir este momento hist\u00f3rico de la visita del Ni\u00f1o Dios de Sotaqu\u00ed a su Madre Sant\u00edsima en Andacollo. Yo les he pedido a Jes\u00fas y a la Virgen que bendiga los frutos del Congreso Eucar\u00edstico, iniciativa que est\u00e1 reci\u00e9n iniciando en todo Chile, que tambi\u00e9n la vamos a vivir en la Arquidi\u00f3cesis de La Serena con diversas actividades, en marco de las celebraciones por el D\u00eda del Buen Pastor. Una gran bendici\u00f3n para todo Andacollo\u201d.<\/span><\/p>\n","protected":false},"excerpt":{"rendered":"<p>La Santa Misa y la Solemne Procesi\u00f3n de las Andas fueron los puntos clave de la jornada. \u00c9sta \u00faltima recorri\u00f3 calle Urmeneta hasta llegar a la Plaza de Andacollo, pasando por calle Condell y avenida Beltr\u00e1n Amen\u00e1bar. El Ni\u00f1o Dios de Sotaqu\u00ed visit\u00f3 Andacollo bajo la multitudinaria participaci\u00f3n de la comunidad. La Imagen Santa fue [&hellip;]<\/p>\n","protected":false},"author":6,"featured_media":0,"comment_status":"open","ping_status":"open","sticky":false,"template":"","format":"standard","meta":{"_acf_changed":false,"footnotes":""},"categories":[1],"tags":[1582,1577,1581,1580],"acf":[],"aioseo_notices":[],"_links":{"self":[{"href":"https:\/\/www.andacolloconectado.cl\/index.php\/wp-json\/wp\/v2\/posts\/6108"}],"collection":[{"href":"https:\/\/www.andacolloconectado.cl\/index.php\/wp-json\/wp\/v2\/posts"}],"about":[{"href":"https:\/\/www.andacolloconectado.cl\/index.php\/wp-json\/wp\/v2\/types\/post"}],"author":[{"embeddable":true,"href":"https:\/\/www.andacolloconectado.cl\/index.php\/wp-json\/wp\/v2\/users\/6"}],"replies":[{"embeddable":true,"href":"https:\/\/www.andacolloconectado.cl\/index.php\/wp-json\/wp\/v2\/comments?post=6108"}],"version-history":[{"count":1,"href":"https:\/\/www.andacolloconectado.cl\/index.php\/wp-json\/wp\/v2\/posts\/6108\/revisions"}],"predecessor-version":[{"id":6110,"href":"https:\/\/www.andacolloconectado.cl\/index.php\/wp-json\/wp\/v2\/posts\/6108\/revisions\/6110"}],"wp:attachment":[{"href":"https:\/\/www.andacolloconectado.cl\/index.php\/wp-json\/wp\/v2\/media?parent=6108"}],"wp:term":[{"taxonomy":"category","embeddable":true,"href":"https:\/\/www.andacolloconectado.cl\/index.php\/wp-json\/wp\/v2\/categories?post=6108"},{"taxonomy":"post_tag","embeddable":true,"href":"https:\/\/www.andacolloconectado.cl\/index.php\/wp-json\/wp\/v2\/tags?post=6108"}],"curies":[{"name":"wp","href":"https:\/\/api.w.org\/{rel}","templated":true}]}}