{"id":6143,"date":"2018-04-30T15:58:34","date_gmt":"2018-04-30T15:58:34","guid":{"rendered":"http:\/\/www.andacolloconectado.cl\/?p=6143"},"modified":"2018-04-30T15:58:34","modified_gmt":"2018-04-30T15:58:34","slug":"teck-cda-abrio-las-postulaciones-a-fondo-de-apoyo-a-la-educacion-superior","status":"publish","type":"post","link":"https:\/\/www.andacolloconectado.cl\/index.php\/teck-cda-abrio-las-postulaciones-a-fondo-de-apoyo-a-la-educacion-superior\/","title":{"rendered":"Teck CDA abri\u00f3 las postulaciones a fondo de apoyo a la educaci\u00f3n superior"},"content":{"rendered":"<p style=\"text-align: justify;\"><strong>Desde el a\u00f1o 2010, la minera ha favorecido a estudiantes de la comuna de Andacollo con la entrega de m\u00e1s 600 asignaciones para apoyar su proceso educativo.<\/strong><\/p>\n<p>Andacollo.- Bajo el compromiso de aportar al desarrollo y educaci\u00f3n de los j\u00f3venes, por noveno a\u00f1o consecutivo Teck Carmen de Andacollo pone a disposici\u00f3n de la comunidad el Aporte Social para Educaci\u00f3n Superior, iniciativa que apoya el proceso formativo de j\u00f3venes andacollinos de buen rendimiento, que cursen sus estudios en centros de formaci\u00f3n t\u00e9cnica, institutos profesionales o universidades.<\/p>\n<p style=\"text-align: justify;\">Al igual que en otros a\u00f1os, el aporte est\u00e1 destinado a contribuir con los gastos de traslado hacia los centros educativos y priorizar\u00e1 a aquellos j\u00f3venes que pertenezcan al 60% de la poblaci\u00f3n m\u00e1s vulnerable de la comuna.<\/p>\n<p style=\"text-align: justify;\">Las postulaciones para la versi\u00f3n 2018 del Aporte Social se encuentran abiertas desde el 16 de abril y se extender hasta el 10 de mayo. Los interesados en acceder a este beneficio, deben acercarse hasta las oficinas de Teck en la comuna, ubicadas en calle Urmeneta 891, para efectuar el retiro de las bases y formulario de postulaci\u00f3n. La revisi\u00f3n de los antecedentes y selecci\u00f3n de los beneficiarios se realizar\u00e1n entre el 11 de mayo y 15 de junio, mientras que las personas seleccionadas se informar\u00e1n el 20 de junio.<\/p>\n<p style=\"text-align: justify;\">Paulo Barraza, gerente de relacionamiento comunitario de Teck CDA, indic\u00f3 que este fondo constituye un apoyo que \u201cbusca complementar el esfuerzo que realizan las familias andacollinas por entregar educaci\u00f3n a sus hijos. Por lo mismo, en esta ocasi\u00f3n, se va a privilegiar a j\u00f3venes esforzados y que pertenezcan a familias vulnerables. Adem\u00e1s, ser\u00e1 un beneficio exclusivo para los vecinos de la comuna\u201d.<\/p>\n","protected":false},"excerpt":{"rendered":"<p>Desde el a\u00f1o 2010, la minera ha favorecido a estudiantes de la comuna de Andacollo con la entrega de m\u00e1s 600 asignaciones para apoyar su proceso educativo. Andacollo.- Bajo el compromiso de aportar al desarrollo y educaci\u00f3n de los j\u00f3venes, por noveno a\u00f1o consecutivo Teck Carmen de Andacollo pone a disposici\u00f3n de la comunidad el [&hellip;]<\/p>\n","protected":false},"author":6,"featured_media":0,"comment_status":"open","ping_status":"open","sticky":false,"template":"","format":"standard","meta":{"_acf_changed":false,"footnotes":""},"categories":[1],"tags":[1605,1604,1606,212],"acf":[],"aioseo_notices":[],"_links":{"self":[{"href":"https:\/\/www.andacolloconectado.cl\/index.php\/wp-json\/wp\/v2\/posts\/6143"}],"collection":[{"href":"https:\/\/www.andacolloconectado.cl\/index.php\/wp-json\/wp\/v2\/posts"}],"about":[{"href":"https:\/\/www.andacolloconectado.cl\/index.php\/wp-json\/wp\/v2\/types\/post"}],"author":[{"embeddable":true,"href":"https:\/\/www.andacolloconectado.cl\/index.php\/wp-json\/wp\/v2\/users\/6"}],"replies":[{"embeddable":true,"href":"https:\/\/www.andacolloconectado.cl\/index.php\/wp-json\/wp\/v2\/comments?post=6143"}],"version-history":[{"count":2,"href":"https:\/\/www.andacolloconectado.cl\/index.php\/wp-json\/wp\/v2\/posts\/6143\/revisions"}],"predecessor-version":[{"id":6146,"href":"https:\/\/www.andacolloconectado.cl\/index.php\/wp-json\/wp\/v2\/posts\/6143\/revisions\/6146"}],"wp:attachment":[{"href":"https:\/\/www.andacolloconectado.cl\/index.php\/wp-json\/wp\/v2\/media?parent=6143"}],"wp:term":[{"taxonomy":"category","embeddable":true,"href":"https:\/\/www.andacolloconectado.cl\/index.php\/wp-json\/wp\/v2\/categories?post=6143"},{"taxonomy":"post_tag","embeddable":true,"href":"https:\/\/www.andacolloconectado.cl\/index.php\/wp-json\/wp\/v2\/tags?post=6143"}],"curies":[{"name":"wp","href":"https:\/\/api.w.org\/{rel}","templated":true}]}}