{"id":6147,"date":"2018-04-30T18:43:03","date_gmt":"2018-04-30T18:43:03","guid":{"rendered":"http:\/\/www.andacolloconectado.cl\/?p=6147"},"modified":"2018-04-30T18:43:03","modified_gmt":"2018-04-30T18:43:03","slug":"chepiquilla-celebrara-manana-al-patrono-de-los-trabajadores-san-jose-obrero","status":"publish","type":"post","link":"https:\/\/www.andacolloconectado.cl\/index.php\/chepiquilla-celebrara-manana-al-patrono-de-los-trabajadores-san-jose-obrero\/","title":{"rendered":"Chepiquilla celebrar\u00e1 ma\u00f1ana al Patrono de los Trabajadores San Jos\u00e9 Obrero"},"content":{"rendered":"<p style=\"text-align: justify;\"><strong>Esta fiesta religiosa coincide con el D\u00eda Internacional de los Trabajadores, que conmemora la huelga nacional de m\u00e1s de 80.000 obreros en Estados Unidos, que tuvo lugar el 1 de mayo de 1886. Ellos se organizaron con el objetivo de reducir la jornada laboral de 16 a 8 horas diarias. \u201cOcho horas de trabajo, ocho horas de ocio y ocho horas de descanso\u201d fue la consigna del movimiento. En un hecho hist\u00f3rico, lograron hacer ceder al poder empresarial y lograr sus demandas. En cuanto a la Fiesta de San Jos\u00e9 Obrero, \u00e9sta se instaur\u00f3 en 1955 por el Papa P\u00edo XII, ante un grupo de obreros reunidos en la Plaza de San Pedro de El Vaticano.<\/strong><\/p>\n<p style=\"text-align: justify;\">\n<p style=\"text-align: justify;\"><span style=\"font-weight: 400;\">Chepiquilla se vestir\u00e1 de alegr\u00eda ma\u00f1ana martes con la realizaci\u00f3n de la 30\u00b0 edici\u00f3n de su Fiesta Patronal de San Jos\u00e9 Obrero, Patrono de los Trabajadores. El evento religioso comenzar\u00e1 con la Santa Misa, a las 16:00 hrs, para proseguir con una procesi\u00f3n por las calles de la localidad. Adem\u00e1s, la comunidad chepiquillina recordar\u00e1 los 30 a\u00f1os de la construcci\u00f3n de su capilla, que fue inaugurada en 1988, tras el arduo trabajo de los habitantes de la zona y la Madre Estefana Ib\u00e1\u00f1ez, religiosa misionera de la Congregaci\u00f3n Coraz\u00f3n de Mar\u00eda y maestra del ex Colegio N\u00b0 2 de Ni\u00f1as y el Padre David Gomez, quienes dejaron esta celebraci\u00f3n como legado.<\/span><\/p>\n<p style=\"text-align: justify;\"><span style=\"font-weight: 400;\">Blanca Gonz\u00e1lez, coordinadora de la Capilla San Jos\u00e9 Obrero de Chepiquilla, indic\u00f3 que, a casi 24 horas de iniciar la Fiesta, ya todo est\u00e1 \u201ca punto\u201d para recibir a la comunidad: \u201cYa tenemos la capilla linda, las calles listas para los bailes religiosos y las empanadas que venderemos para poder conseguir los recursos, que siempre necesitamos para mantener la capilla todos los a\u00f1os. Ya est\u00e1 todo preparado para recibir a la comunidad local y andacollina, para quienes tenemos movilizaci\u00f3n gracias a Yaco Past\u00e9n. Todo esto no ser\u00eda posible si no fuera por el apoyo de Minera Teck, Pasmar, Supermercado Limar\u00ed y la se\u00f1ora Orieta Araya. Llevamos 30 a\u00f1os celebrando a San Jos\u00e9 Obrero. Es la herencia que nos dej\u00f3 la Madre Estefana con el Padre David \u00a0quienes son los iniciadores de la Capilla\u201d.<\/span><\/p>\n<p style=\"text-align: justify;\"><b>La Gu\u00eda de la Virgen<\/b><\/p>\n<p style=\"text-align: justify;\"><span style=\"font-weight: 400;\">Blanca cont\u00f3 que la historia sobre la construcci\u00f3n de esta capilla tiene su propia leyenda, muy conocida en la zona, donde la Sant\u00edsima Virgen de Andacollo tiene un papel protag\u00f3nico: \u201cNosotros empezamos, con la madre Teresa Gubert, la catequesis en una sede de madera, donde actualmente est\u00e1n las m\u00e1quinas de ejercicios. Luego, con la Madre Stefana, nos propusimos buscar un lugar para hacer una capilla. Llegamos a un cerro y ah\u00ed la hicimos. Ese d\u00eda cay\u00f3 una neblina en el lugar y algunas se\u00f1oras dijeron ver la Imagen de la Virgen. Eso se tom\u00f3 como se\u00f1al para construir ah\u00ed. Nosotras empezamos a hacer los cimientos. \u00c9ramos 22 socias trabajando. Luego, llegaron los hombres del pueblo a ayudarnos, quienes cargaban, en los camiones, las piedras que junt\u00e1bamos. Tuvimos apoyo del Arzobispado y del Santuario de Andacollo. Despu\u00e9s vino la inauguraci\u00f3n, con la bendici\u00f3n del Arzobispo Bernardino Pi\u00f1era, el Padre Mario Calvo y el Padre Gaspar Quintana\u201d.<\/span><\/p>\n","protected":false},"excerpt":{"rendered":"<p>Esta fiesta religiosa coincide con el D\u00eda Internacional de los Trabajadores, que conmemora la huelga nacional de m\u00e1s de 80.000 obreros en Estados Unidos, que tuvo lugar el 1 de mayo de 1886. Ellos se organizaron con el objetivo de reducir la jornada laboral de 16 a 8 horas diarias. \u201cOcho horas de trabajo, ocho [&hellip;]<\/p>\n","protected":false},"author":6,"featured_media":0,"comment_status":"open","ping_status":"open","sticky":false,"template":"","format":"standard","meta":{"_acf_changed":false,"footnotes":""},"categories":[1],"tags":[714,1609,1608,1607],"acf":[],"aioseo_notices":[],"_links":{"self":[{"href":"https:\/\/www.andacolloconectado.cl\/index.php\/wp-json\/wp\/v2\/posts\/6147"}],"collection":[{"href":"https:\/\/www.andacolloconectado.cl\/index.php\/wp-json\/wp\/v2\/posts"}],"about":[{"href":"https:\/\/www.andacolloconectado.cl\/index.php\/wp-json\/wp\/v2\/types\/post"}],"author":[{"embeddable":true,"href":"https:\/\/www.andacolloconectado.cl\/index.php\/wp-json\/wp\/v2\/users\/6"}],"replies":[{"embeddable":true,"href":"https:\/\/www.andacolloconectado.cl\/index.php\/wp-json\/wp\/v2\/comments?post=6147"}],"version-history":[{"count":1,"href":"https:\/\/www.andacolloconectado.cl\/index.php\/wp-json\/wp\/v2\/posts\/6147\/revisions"}],"predecessor-version":[{"id":6149,"href":"https:\/\/www.andacolloconectado.cl\/index.php\/wp-json\/wp\/v2\/posts\/6147\/revisions\/6149"}],"wp:attachment":[{"href":"https:\/\/www.andacolloconectado.cl\/index.php\/wp-json\/wp\/v2\/media?parent=6147"}],"wp:term":[{"taxonomy":"category","embeddable":true,"href":"https:\/\/www.andacolloconectado.cl\/index.php\/wp-json\/wp\/v2\/categories?post=6147"},{"taxonomy":"post_tag","embeddable":true,"href":"https:\/\/www.andacolloconectado.cl\/index.php\/wp-json\/wp\/v2\/tags?post=6147"}],"curies":[{"name":"wp","href":"https:\/\/api.w.org\/{rel}","templated":true}]}}