{"id":6190,"date":"2018-05-28T22:18:26","date_gmt":"2018-05-28T22:18:26","guid":{"rendered":"http:\/\/www.andacolloconectado.cl\/?p=6190"},"modified":"2018-05-28T22:18:26","modified_gmt":"2018-05-28T22:18:26","slug":"andacollo-vivio-la-septima-fecha-de-su-campeonato-local-de-futbol","status":"publish","type":"post","link":"https:\/\/www.andacolloconectado.cl\/index.php\/andacollo-vivio-la-septima-fecha-de-su-campeonato-local-de-futbol\/","title":{"rendered":"Andacollo vivi\u00f3 la s\u00e9ptima fecha de su campeonato local de f\u00fatbol"},"content":{"rendered":"<p style=\"text-align: justify;\"><strong>De los equipos en competencia, destac\u00f3 el gran desempe\u00f1o de Andacollo Sporting, que derrot\u00f3 a su rival, Barrio Mart\u00ednez, en todas las categor\u00edas en competencia. <\/strong><\/p>\n<p style=\"text-align: justify;\"><span style=\"font-weight: 400;\">El pasado fin de semana se vivi\u00f3 la s\u00e9ptima jornada del Campeonato de F\u00fatbol de Andacollo, con los enfrentamientos entre Andacollo Sporting-Barrio Mart\u00ednez, Obrero-Cat\u00f3lica, Hurac\u00e1n-Palestino y Manganesos-Alianza. Estos equipos se midieron en las categor\u00edas Infantil, Juvenil, S\u00e9nior 35, S\u00e9nior 45, Segunda y Primera Divisi\u00f3n. Churrumata qued\u00f3 libre. <\/span><\/p>\n<p style=\"text-align: justify;\"><span style=\"font-weight: 400;\">La fecha comenz\u00f3 el pasado s\u00e1bado, con los choques entre Andacollo Sporting-Barrio Mart\u00ednez en el estadio Wilfredo Gonz\u00e1lez Zeballos y Obrero-Cat\u00f3lica en el Parque Oasis. El \u201cSporting\u201d se qued\u00f3 con todas las categor\u00edas en disputa: Infantil con un 3-2, Juvenil con un 5-1, S\u00e9nior 35 por W.O., S\u00e9nior 45 con un 2-1, Segunda con un 3-2 y Primera con un 2-1. Por otro lado, Obrero venci\u00f3 5-1 en Infantil, 4-1 en Segunda y 5-0 en S\u00e9nior 35, qued\u00e1ndose Cat\u00f3lica con los puntos solamente en Juvenil, donde ganaron 2-1. El encuentro por Primera termin\u00f3 empatado a 2.<\/span><\/p>\n<p style=\"text-align: justify;\"><span style=\"font-weight: 400;\">Finalmente, el domingo se dio por cerrada la jornada con los duelos entre Hurac\u00e1n -Palestino en el Wilfredo Gonz\u00e1lez Zeballos y Manganesos-Alianza en el Parque Oasis. En la primera llave, Hurac\u00e1n gole\u00f3 4-0 en Infantil, 4-1 en Juvenil, 5-2 en Segunda y 5-0 en Primera. En tanto, Palestino se hizo fuerte en S\u00e9nior, derrotando 2-1 a Hurac\u00e1n en la 35 y 4-1 en la 45. En la segunda, Alianza se impuso 7-1 en Infantil, 4-2 en S\u00e9nior 45 y 4-3 en Primera. Por su parte, Manganesos venci\u00f3 en Juvenil con un 3-0, en Segunda con un 3-2 y Primera con un 4-3. El duelo de la S\u00e9nior 35 acab\u00f3 igualado a 2. <\/span><\/p>\n<p style=\"text-align: justify;\"><b>Seguir Mejorando <\/b><\/p>\n<p style=\"text-align: justify;\"><span style=\"font-weight: 400;\">Javier Vicencio, presidente de la Asociaci\u00f3n de F\u00fatbol de Andacollo, explic\u00f3 que buscan seguir potenciando el campeonato local con la adjudicaci\u00f3n del proyecto CAT, de cara a los nuevos desaf\u00edos que se presentan para los equipos que representar\u00e1n la comuna a nivel regional y nacional: \u201cEl torneo contin\u00faa desempe\u00f1\u00e1ndose de forma normal gracias a los aportes de los nueve equipos en competencia. Eso s\u00ed, este campeonato nos saldr\u00e1 m\u00e1s caro, puesto que el cambio de hora nos ha perjudicado con el tema de la luz natural. Como las categor\u00edas Infantil y Juvenil est\u00e1n jugando de noche, sum\u00e1ndole los partidos que no alcanzan a jugarse de d\u00eda, hemos tenido un aumento de los gastos por el uso de la iluminaria de los recintos deportivos. Tambi\u00e9n, hemos tra\u00eddo \u00e1rbitros de La Serena y Coquimbo, quienes han dirimido los encuentros con justicia. No tenemos nada que envidiarle a otras asociaciones. Queremos que estos esfuerzos nos permitan formar unas buenas selecciones Sub-17 y Sub-45. \u00c9stos \u00faltimos empiezan a entrenar, el pr\u00f3ximo mes, de cara a las Eliminatorias 2018, que tendr\u00e1n lugar entre el 25 y 30 de agosto. Esperamos obtener los recursos necesarios \u00a0para seguir beneficiando a los m\u00e1s de 2.022 jugadores afiliados a nuestra Asociaci\u00f3n y al p\u00fablico que cada vez m\u00e1s se est\u00e1 haciendo presente. Llegamos a tener 500 asistentes, desde los 10 a\u00f1os en adelante\u201d.<\/span><\/p>\n","protected":false},"excerpt":{"rendered":"<p>De los equipos en competencia, destac\u00f3 el gran desempe\u00f1o de Andacollo Sporting, que derrot\u00f3 a su rival, Barrio Mart\u00ednez, en todas las categor\u00edas en competencia. El pasado fin de semana se vivi\u00f3 la s\u00e9ptima jornada del Campeonato de F\u00fatbol de Andacollo, con los enfrentamientos entre Andacollo Sporting-Barrio Mart\u00ednez, Obrero-Cat\u00f3lica, Hurac\u00e1n-Palestino y Manganesos-Alianza. Estos equipos se [&hellip;]<\/p>\n","protected":false},"author":6,"featured_media":0,"comment_status":"open","ping_status":"open","sticky":false,"template":"","format":"standard","meta":{"_acf_changed":false,"footnotes":""},"categories":[1],"tags":[1625,1626,1624],"acf":[],"aioseo_notices":[],"_links":{"self":[{"href":"https:\/\/www.andacolloconectado.cl\/index.php\/wp-json\/wp\/v2\/posts\/6190"}],"collection":[{"href":"https:\/\/www.andacolloconectado.cl\/index.php\/wp-json\/wp\/v2\/posts"}],"about":[{"href":"https:\/\/www.andacolloconectado.cl\/index.php\/wp-json\/wp\/v2\/types\/post"}],"author":[{"embeddable":true,"href":"https:\/\/www.andacolloconectado.cl\/index.php\/wp-json\/wp\/v2\/users\/6"}],"replies":[{"embeddable":true,"href":"https:\/\/www.andacolloconectado.cl\/index.php\/wp-json\/wp\/v2\/comments?post=6190"}],"version-history":[{"count":2,"href":"https:\/\/www.andacolloconectado.cl\/index.php\/wp-json\/wp\/v2\/posts\/6190\/revisions"}],"predecessor-version":[{"id":6193,"href":"https:\/\/www.andacolloconectado.cl\/index.php\/wp-json\/wp\/v2\/posts\/6190\/revisions\/6193"}],"wp:attachment":[{"href":"https:\/\/www.andacolloconectado.cl\/index.php\/wp-json\/wp\/v2\/media?parent=6190"}],"wp:term":[{"taxonomy":"category","embeddable":true,"href":"https:\/\/www.andacolloconectado.cl\/index.php\/wp-json\/wp\/v2\/categories?post=6190"},{"taxonomy":"post_tag","embeddable":true,"href":"https:\/\/www.andacolloconectado.cl\/index.php\/wp-json\/wp\/v2\/tags?post=6190"}],"curies":[{"name":"wp","href":"https:\/\/api.w.org\/{rel}","templated":true}]}}