{"id":6340,"date":"2018-06-21T21:30:49","date_gmt":"2018-06-21T21:30:49","guid":{"rendered":"http:\/\/www.andacolloconectado.cl\/?p=6340"},"modified":"2018-06-21T21:30:49","modified_gmt":"2018-06-21T21:30:49","slug":"este-sabado-se-celebrara-el-ano-nuevo-indigena-en-el-observatorio-collowara","status":"publish","type":"post","link":"https:\/\/www.andacolloconectado.cl\/index.php\/este-sabado-se-celebrara-el-ano-nuevo-indigena-en-el-observatorio-collowara\/","title":{"rendered":"Este s\u00e1bado se celebrar\u00e1 el A\u00f1o Nuevo Ind\u00edgena en el Observatorio Collowara"},"content":{"rendered":"<p style=\"text-align: justify;\"><strong>Esta fiesta es muy importante para los pueblos originarios, puesto que en ella se agradece a la Madre Tierra por la buena cosecha del a\u00f1o anterior. Como forma simb\u00f3lica, se invita a los presentes a llevar alimentos para compartirlos despu\u00e9s de la ceremonia. \u00a0<\/strong><\/p>\n<p style=\"text-align: justify;\">\n<p style=\"text-align: justify;\"><span style=\"font-weight: 400;\">Este s\u00e1bado tendr\u00e1 lugar, en el observatorio Collowara, la segunda edici\u00f3n de la celebraci\u00f3n del A\u00f1o Nuevo Ind\u00edgena en Homenaje al Solsticio de Invierno. El objetivo de esta actividad es agradecer a la Madre Tierra por los frutos brindados durante el a\u00f1o anterior y pedir que el siguiente tambi\u00e9n siga beneficiando con buenas cosechas. La jornada comenzar\u00e1 a las 14:30 hrs con el Wi\u00f1atum (Traslado) desde la Casa de la Cultura, donde se dispondr\u00e1 de un veh\u00edculo para quienes no puedan trasladarse al Collowara de forma particular. Posteriormente, ser\u00e1 la Mary Mary (Bienvenida) a las 15:00 hrs, el We Tripantu (Ceremonia) a las 16:00 hrs y el Ajtapi (Compartir la Ofrenda) a las 17:30 hrs. Finalmente, habr\u00e1 un Lakitas (Presentaci\u00f3n Art\u00edstica) a las 18:30 hrs. Tambi\u00e9n, habr\u00e1 conversatorios con las organizaciones ind\u00edgenas que viven en la comuna. La actividad es totalmente gratuita.<\/span><\/p>\n<p style=\"text-align: justify;\"><span style=\"font-weight: 400;\">Felipe Vicencio, encargado de Cultura del Municipio de Andacollo, pidi\u00f3 a los asistentes participar de forma respetuosa en la actividad, puesto que representa a las ra\u00edces nacionales y andacollinas: \u201cEste es el segundo a\u00f1o en que celebramos el A\u00f1o Nuevo Ind\u00edgena. Esta iniciativa naci\u00f3 de la conversaci\u00f3n con miembros de las comunidades ind\u00edgenas presentes en Andacollo: mapuche, aymara, diaguita, atacame\u00f1a y araucana. Como puede verse, hay una variedad de andacollinos que se sienten identificados con estas etnias. Igual cabe recordar de que todos somos partes de los pueblos originarios y de sus tradiciones, porque somos de raza latina\u201d.<\/span><\/p>\n","protected":false},"excerpt":{"rendered":"<p>Esta fiesta es muy importante para los pueblos originarios, puesto que en ella se agradece a la Madre Tierra por la buena cosecha del a\u00f1o anterior. Como forma simb\u00f3lica, se invita a los presentes a llevar alimentos para compartirlos despu\u00e9s de la ceremonia. \u00a0 Este s\u00e1bado tendr\u00e1 lugar, en el observatorio Collowara, la segunda edici\u00f3n [&hellip;]<\/p>\n","protected":false},"author":6,"featured_media":0,"comment_status":"open","ping_status":"open","sticky":false,"template":"","format":"standard","meta":{"_acf_changed":false,"footnotes":""},"categories":[1],"tags":[1710,1583,1711,260],"acf":[],"aioseo_notices":[],"_links":{"self":[{"href":"https:\/\/www.andacolloconectado.cl\/index.php\/wp-json\/wp\/v2\/posts\/6340"}],"collection":[{"href":"https:\/\/www.andacolloconectado.cl\/index.php\/wp-json\/wp\/v2\/posts"}],"about":[{"href":"https:\/\/www.andacolloconectado.cl\/index.php\/wp-json\/wp\/v2\/types\/post"}],"author":[{"embeddable":true,"href":"https:\/\/www.andacolloconectado.cl\/index.php\/wp-json\/wp\/v2\/users\/6"}],"replies":[{"embeddable":true,"href":"https:\/\/www.andacolloconectado.cl\/index.php\/wp-json\/wp\/v2\/comments?post=6340"}],"version-history":[{"count":1,"href":"https:\/\/www.andacolloconectado.cl\/index.php\/wp-json\/wp\/v2\/posts\/6340\/revisions"}],"predecessor-version":[{"id":6341,"href":"https:\/\/www.andacolloconectado.cl\/index.php\/wp-json\/wp\/v2\/posts\/6340\/revisions\/6341"}],"wp:attachment":[{"href":"https:\/\/www.andacolloconectado.cl\/index.php\/wp-json\/wp\/v2\/media?parent=6340"}],"wp:term":[{"taxonomy":"category","embeddable":true,"href":"https:\/\/www.andacolloconectado.cl\/index.php\/wp-json\/wp\/v2\/categories?post=6340"},{"taxonomy":"post_tag","embeddable":true,"href":"https:\/\/www.andacolloconectado.cl\/index.php\/wp-json\/wp\/v2\/tags?post=6340"}],"curies":[{"name":"wp","href":"https:\/\/api.w.org\/{rel}","templated":true}]}}