{"id":6373,"date":"2018-06-26T15:29:08","date_gmt":"2018-06-26T15:29:08","guid":{"rendered":"http:\/\/www.andacolloconectado.cl\/?p=6373"},"modified":"2018-06-26T15:29:08","modified_gmt":"2018-06-26T15:29:08","slug":"el-collowara-fue-el-escenario-de-un-nuevo-solsticio-de-invierno","status":"publish","type":"post","link":"https:\/\/www.andacolloconectado.cl\/index.php\/el-collowara-fue-el-escenario-de-un-nuevo-solsticio-de-invierno\/","title":{"rendered":"El Collowara fue el escenario de un nuevo solsticio de invierno"},"content":{"rendered":"<p style=\"text-align: justify;\"><b>La comuna de Andacollo celebr\u00f3 el a\u00f1o nuevo ind\u00edgena en uno de los principales escenarios tur\u00edsticos de la comuna y de la regi\u00f3n. En la actividad estuvieron presentes Lakitas Antacolla y Agrupaci\u00f3n Elke<\/b><\/p>\n<p style=\"text-align: justify;\"><span style=\"font-weight: 400;\">La Municipalidad de Andacollo a trav\u00e9s de las oficinas de Cultura y Turismo efectu\u00f3 nuevamente el Solsticio de Invierno, actividad que se desarroll\u00f3 por segundo a\u00f1o consecutivo y que busca mantener las ra\u00edces hist\u00f3ricas de los pueblos originarios. <\/span><\/p>\n<p style=\"text-align: justify;\"><span style=\"font-weight: 400;\">\u201cSe agradece la asistencia de todos, porque para nosotros este evento es muy importante para poder desarrollar este a\u00f1o nuevo ind\u00edgena. Es importante tambi\u00e9n honrar a las personas que tienen apellido ind\u00edgena a nuestro patrimonio material e inmaterial. En lo netamente tur\u00edstico, nos permite dar a conocer nuestra comuna y el Observatorio Collowara que es un atractivo tur\u00edstico\u201d, coment\u00f3 Solange Mondaca, Encargada de Turismo de la Municipalidad de Andacollo. \u00a0<\/span><\/p>\n<p style=\"text-align: justify;\"><span style=\"font-weight: 400;\">En esta versi\u00f3n 2018, estuvo presente la Comunidad Elque que efectu\u00f3 la ceremonia y los rituales pertinentes para celebrar este nuevo a\u00f1o. El solsticio supone la reanudaci\u00f3n del ciclo agr\u00edcola por lo que los diferentes grupos ind\u00edgenas en Chile y en la Regi\u00f3n de Coquimbo celebran su llegada con diversas actividades.<\/span><\/p>\n<p style=\"text-align: justify;\"><span style=\"font-weight: 400;\"> \u201cComo consejero regional de la Provincia de Elqui he estado participando de las diferentes actividades que se est\u00e1n realizando con motivo del Solsticio de Invierno. Participamos con comunidades diaguitas y mapuches tambi\u00e9n. El esfuerzo que hace la municipalidad por ir relevando la identidad cultural del territorio es importante. Lo fundamental es no perder esta identidad en la ciudadan\u00eda, poner en valor y que est\u00e9 en los colegios\u201d, coment\u00f3 el Consejero de Elqui Javier Vega.<\/span><\/p>\n<p style=\"text-align: justify;\"><span style=\"font-weight: 400;\">Los 9 pueblos originarios de Chile que celebraron este 21 de junio el solsticio de invierno fueron: los aimaras, quechuas, atacame\u00f1os, collas, diaguitas, rapanuis, mapuche, kaw\u00e9sqar y yaganes. La ceremonia m\u00e1s difundida es el We tripantu que es originaria de las comunidades mapuches.<\/span><\/p>\n<p style=\"text-align: justify;\"><span style=\"font-weight: 400;\">\u201cAnteriormente Andacollo no ten\u00eda mucho que aportar en cuanto al rescate de los grupos originarios, pero ahora nos hemos ido empoderando de las actividades y ceremonias que son muy importantes. A las personas les est\u00e1 gustando este tipo de rituales\u201d, coment\u00f3 Margarita Bugue\u00f1o, Delegada de la Agrupaci\u00f3n Cuyo-Anta de Andacollo.<\/span><\/p>\n<p style=\"text-align: justify;\"><span style=\"font-weight: 400;\">Los asistentes a la actividad del Solsticio de Invierno Andacollo 2018 llegaron desde varias partes de la regi\u00f3n, entre ellos, integrantes del Grupo Gu\u00edas y Scout Pl\u00e9yades desde La Serena que vinieron a la comuna minera para asistir a un tour de observaci\u00f3n, pero se quisieron quedar a presenciar este evento cultural. <\/span><\/p>\n<p style=\"text-align: justify;\"><span style=\"font-weight: 400;\">\u201cCada vez que podemos, nuestro grupo intenta participar de actividades como esta. Fuimos invitados a vivir este Solsticio de Invierno y nos pareci\u00f3 muy interesante. Adem\u00e1s visitamos el observatorio con la finalidad de tomar el tour y que as\u00ed los ni\u00f1os aprendan y se informen\u201d, coment\u00f3 July Contador encargada del Grupo Scout Pl\u00e9yades. <\/span><\/p>\n<p style=\"text-align: justify;\"><span style=\"font-weight: 400;\">La Municipalidad de Andacollo est\u00e1 trabajando pos de mantener la cultura de los pueblos originarios y de los ancestros, a trav\u00e9s de actividades culturales que ayudan a los adultos y j\u00f3venes a conocer sus ra\u00edces, pero sobre todo a los ni\u00f1os a identificar su cultura. <\/span><\/p>\n","protected":false},"excerpt":{"rendered":"<p>La comuna de Andacollo celebr\u00f3 el a\u00f1o nuevo ind\u00edgena en uno de los principales escenarios tur\u00edsticos de la comuna y de la regi\u00f3n. En la actividad estuvieron presentes Lakitas Antacolla y Agrupaci\u00f3n Elke La Municipalidad de Andacollo a trav\u00e9s de las oficinas de Cultura y Turismo efectu\u00f3 nuevamente el Solsticio de Invierno, actividad que se [&hellip;]<\/p>\n","protected":false},"author":6,"featured_media":0,"comment_status":"open","ping_status":"open","sticky":false,"template":"","format":"standard","meta":{"_acf_changed":false,"footnotes":""},"categories":[1],"tags":[1710,1733,1732],"acf":[],"aioseo_notices":[],"_links":{"self":[{"href":"https:\/\/www.andacolloconectado.cl\/index.php\/wp-json\/wp\/v2\/posts\/6373"}],"collection":[{"href":"https:\/\/www.andacolloconectado.cl\/index.php\/wp-json\/wp\/v2\/posts"}],"about":[{"href":"https:\/\/www.andacolloconectado.cl\/index.php\/wp-json\/wp\/v2\/types\/post"}],"author":[{"embeddable":true,"href":"https:\/\/www.andacolloconectado.cl\/index.php\/wp-json\/wp\/v2\/users\/6"}],"replies":[{"embeddable":true,"href":"https:\/\/www.andacolloconectado.cl\/index.php\/wp-json\/wp\/v2\/comments?post=6373"}],"version-history":[{"count":1,"href":"https:\/\/www.andacolloconectado.cl\/index.php\/wp-json\/wp\/v2\/posts\/6373\/revisions"}],"predecessor-version":[{"id":6375,"href":"https:\/\/www.andacolloconectado.cl\/index.php\/wp-json\/wp\/v2\/posts\/6373\/revisions\/6375"}],"wp:attachment":[{"href":"https:\/\/www.andacolloconectado.cl\/index.php\/wp-json\/wp\/v2\/media?parent=6373"}],"wp:term":[{"taxonomy":"category","embeddable":true,"href":"https:\/\/www.andacolloconectado.cl\/index.php\/wp-json\/wp\/v2\/categories?post=6373"},{"taxonomy":"post_tag","embeddable":true,"href":"https:\/\/www.andacolloconectado.cl\/index.php\/wp-json\/wp\/v2\/tags?post=6373"}],"curies":[{"name":"wp","href":"https:\/\/api.w.org\/{rel}","templated":true}]}}