{"id":6392,"date":"2018-06-29T15:32:10","date_gmt":"2018-06-29T15:32:10","guid":{"rendered":"http:\/\/www.andacolloconectado.cl\/?p=6392"},"modified":"2018-06-29T15:32:10","modified_gmt":"2018-06-29T15:32:10","slug":"inauguran-trabajos-de-reparacion-a-la-sede-de-la-junta-de-vecinos-n8","status":"publish","type":"post","link":"https:\/\/www.andacolloconectado.cl\/index.php\/inauguran-trabajos-de-reparacion-a-la-sede-de-la-junta-de-vecinos-n8\/","title":{"rendered":"Inauguran trabajos de reparaci\u00f3n a la sede de la Junta de Vecinos N\u00b08"},"content":{"rendered":"<p style=\"text-align: justify;\"><strong>Perteneciente a la poblaci\u00f3n 25 de octubre, es una de las m\u00e1s antiguas de Andacollo, datando su nacimiento en 1958.<\/strong><\/p>\n<p style=\"text-align: justify;\">Los trabajos de reparaci\u00f3n que recibi\u00f3 la Junta de Vecinos N\u00b08 de la hist\u00f3rica poblaci\u00f3n 25 de octubre fueron inaugurados este jueves. La reparaci\u00f3n consisti\u00f3 en arreglos de techumbre, con una inversi\u00f3n total de $16.000.000 donados por Minera Teck CDA y pintura aportado por la Empresa Arcla.<\/p>\n<p style=\"text-align: justify;\">Patricia Vargas, presidenta de la Junta de Vecinos N\u00b08 Poblaci\u00f3n 25 de Octubre, se\u00f1al\u00f3 que estaban esperando la entrega de estos trabajos desde hace mucho tiempo: \u201cEstamos felices y agradecidos. Desde que formamos nuestra directiva, hace seis a\u00f1os, que era nuestro sue\u00f1o tener esto. Es muy bonito lo que hemos logrado. Fue muy dif\u00edcil, ya que, como no ten\u00edamos los papeles al d\u00eda y solamente ten\u00edamos el T\u00edtulo de Dominio, tuvimos que esperar un a\u00f1o para regularizar nuestros documentos y que comenzar con la ejecuci\u00f3n de los arreglos\u201d.<\/p>\n<p style=\"text-align: justify;\">En tanto, Luis Astudillo, ex presidente del organismo, detall\u00f3 los problemas que presentaba la sede antes de su reparaci\u00f3n: \u201cEstoy contento y feliz. \u00c9ste es uno de los proyectos que tom\u00e9 cuando era presidente, porque cuando us\u00e1bamos la sede, corr\u00edamos el riesgo de que se cayeran las vulcanitas. Ahora tenemos adem\u00e1s cocina equipada con cer\u00e1micos\u201d.<\/p>\n<p style=\"text-align: justify;\">Finalmente, Roberto Riffo, Jefe de Desarrollo Comunitario de Minera Teck CDA, detall\u00f3 las reparaciones que se realizaron al recinto: \u201cSe repar\u00f3 la techumbre, se colocaron celchas nuevas, estructuras de metalcom, cielo nuevo e iluminaci\u00f3n. Adem\u00e1s, se planific\u00f3 la edificaci\u00f3n sin pilar central, lo que entrega un espacio libre para m\u00faltiples usos. Todos los arreglos requieren permiso municipal, siendo la empresa local ARCLA la que se encarg\u00f3 de hacer estas gestiones y realizar los trabajos de reparaci\u00f3n. Era una de las sedes que m\u00e1s se utilizan, as\u00ed que ten\u00eda que mejorarse para su uso m\u00e1s adecuado\u201d.<br \/>\nSolidaridad Vecinal<br \/>\nEl punto destacado de la jornada fue el hecho de que la gesti\u00f3n de las reparaciones fue posible al trabajo mancomunado de la Uni\u00f3n Comunal de Vecinos. Sobre este punto, Gricelda Aguilera, presidente de la entidad, explic\u00f3 que: \u201cNosotros hicimos un acto de solidaridad, ya que los fondos que eran para reparar todas las Juntas de Vecinos, los destinamos a esta sede, porque era la que necesitaba m\u00e1s arreglos\u201d.<\/p>\n<p style=\"text-align: justify;\">Posteriormente, el alcalde Juan Carlos Alfaro agreg\u00f3 que: \u201caqu\u00ed prim\u00f3 la solidaridad gracias al gran gesto de la Uni\u00f3n Comunal de Vecinos, el cual agradecemos, puesto que ayud\u00f3 a que todo se realizara a tiempo. Nos alegra que las comunidades tengan m\u00e1s comodidades para realizar sus trabajos, que son de servicio p\u00fablico\u201d. El concejal Guillermo Castillo destac\u00f3 la importancia de esta loable decisi\u00f3n: \u201cEsta Junta de Vecinos es hist\u00f3rica de Andacollo y es importante que haya vuelto a reestructurarse. Estaba a muy traer y gracias a los recursos gestionados se le pudo hacer los arreglos que necesitaba\u201d.<\/p>\n<p style=\"text-align: justify;\">Finalmente, el Teniente de Carabineros de Andacollo Kenneth Berngeher, consign\u00f3 que esto es una muestra de la uni\u00f3n que existe entre los vecinos de la comuna: \u201cDestaco el deje de solidaridad que hizo la organizaci\u00f3n. Es un gesto valorable, ya que, en tiempos anteriores, se dec\u00eda que hab\u00eda rivalidades y con esto qued\u00f3 claro que no es as\u00ed. Son solamente sujetos puntuales, pero el grueso de la gente quiere que la comuna progrese\u201d.<\/p>\n","protected":false},"excerpt":{"rendered":"<p>Perteneciente a la poblaci\u00f3n 25 de octubre, es una de las m\u00e1s antiguas de Andacollo, datando su nacimiento en 1958. Los trabajos de reparaci\u00f3n que recibi\u00f3 la Junta de Vecinos N\u00b08 de la hist\u00f3rica poblaci\u00f3n 25 de octubre fueron inaugurados este jueves. La reparaci\u00f3n consisti\u00f3 en arreglos de techumbre, con una inversi\u00f3n total de $16.000.000 [&hellip;]<\/p>\n","protected":false},"author":6,"featured_media":0,"comment_status":"open","ping_status":"open","sticky":false,"template":"","format":"standard","meta":{"_acf_changed":false,"footnotes":""},"categories":[1],"tags":[1743,1741,1742,212],"acf":[],"aioseo_notices":[],"_links":{"self":[{"href":"https:\/\/www.andacolloconectado.cl\/index.php\/wp-json\/wp\/v2\/posts\/6392"}],"collection":[{"href":"https:\/\/www.andacolloconectado.cl\/index.php\/wp-json\/wp\/v2\/posts"}],"about":[{"href":"https:\/\/www.andacolloconectado.cl\/index.php\/wp-json\/wp\/v2\/types\/post"}],"author":[{"embeddable":true,"href":"https:\/\/www.andacolloconectado.cl\/index.php\/wp-json\/wp\/v2\/users\/6"}],"replies":[{"embeddable":true,"href":"https:\/\/www.andacolloconectado.cl\/index.php\/wp-json\/wp\/v2\/comments?post=6392"}],"version-history":[{"count":1,"href":"https:\/\/www.andacolloconectado.cl\/index.php\/wp-json\/wp\/v2\/posts\/6392\/revisions"}],"predecessor-version":[{"id":6394,"href":"https:\/\/www.andacolloconectado.cl\/index.php\/wp-json\/wp\/v2\/posts\/6392\/revisions\/6394"}],"wp:attachment":[{"href":"https:\/\/www.andacolloconectado.cl\/index.php\/wp-json\/wp\/v2\/media?parent=6392"}],"wp:term":[{"taxonomy":"category","embeddable":true,"href":"https:\/\/www.andacolloconectado.cl\/index.php\/wp-json\/wp\/v2\/categories?post=6392"},{"taxonomy":"post_tag","embeddable":true,"href":"https:\/\/www.andacolloconectado.cl\/index.php\/wp-json\/wp\/v2\/tags?post=6392"}],"curies":[{"name":"wp","href":"https:\/\/api.w.org\/{rel}","templated":true}]}}