{"id":6419,"date":"2018-07-04T22:20:53","date_gmt":"2018-07-04T22:20:53","guid":{"rendered":"http:\/\/www.andacolloconectado.cl\/?p=6419"},"modified":"2018-07-04T22:20:53","modified_gmt":"2018-07-04T22:20:53","slug":"talleres-de-ajedrez-comenzaran-el-proximo-lunes-en-la-biblioteca-publica-cirujano-videla","status":"publish","type":"post","link":"https:\/\/www.andacolloconectado.cl\/index.php\/talleres-de-ajedrez-comenzaran-el-proximo-lunes-en-la-biblioteca-publica-cirujano-videla\/","title":{"rendered":"Talleres de Ajedrez comenzar\u00e1n el pr\u00f3ximo lunes en la Biblioteca P\u00fablica Cirujano Videla"},"content":{"rendered":"<p style=\"text-align: justify;\"><strong>Con una duraci\u00f3n de casi un mes, buscar\u00e1n, no solamente ense\u00f1ar a los ni\u00f1os y ni\u00f1as las reglas de este juego que estimula la l\u00f3gica y el razonamiento, sino que acercarlos a conocer la biblioteca e incentivarles el h\u00e1bito de la lectura.<\/strong><\/p>\n<p style=\"text-align: justify;\"><span style=\"font-weight: 400;\">Desde el pr\u00f3ximo lunes 9 de julio, la Biblioteca P\u00fablica Cirujano Videla de Andacollo realizar\u00e1, en sus dependencias, talleres de ajedrez para ni\u00f1os y ni\u00f1as durante todas las vacaciones de invierno. \u00c9stos ser\u00e1n dirigidos por el profesor Basti\u00e1n Rojas y tendr\u00e1n lugar desde las 15:00 hasta la 17:00 hrs. S\u00f3lo hay 14 cupos para participar, los cuales se deben reservar directamente en la Biblioteca.<\/span><\/p>\n<p style=\"text-align: justify;\"><span style=\"font-weight: 400;\">Cecilia Aguirre, encargada de la Biblioteca Cirujano Videla de Andacollo, se\u00f1al\u00f3 que el objetivo de la actividad es incentivar a los estudiantes a visitar el recinto, aprovechando sus vacaciones de invierno: \u201cEstos talleres nacen de la conversaci\u00f3n que tuve con el Club de Lectura, donde les pregunt\u00e9 sobre alguna actividad que permitiera que m\u00e1s ni\u00f1os y ni\u00f1as fueran a la biblioteca. Ellos me respondieron que les gustaba jugar ajedrez. As\u00ed, adem\u00e1s, los sacamos de los juegos, los videos y los computadores, para que vengan a visitarnos, lean los titulares y se lleven alg\u00fan libro para incentivarles el h\u00e1bito de leer\u201d.<\/span><\/p>\n","protected":false},"excerpt":{"rendered":"<p>Con una duraci\u00f3n de casi un mes, buscar\u00e1n, no solamente ense\u00f1ar a los ni\u00f1os y ni\u00f1as las reglas de este juego que estimula la l\u00f3gica y el razonamiento, sino que acercarlos a conocer la biblioteca e incentivarles el h\u00e1bito de la lectura. Desde el pr\u00f3ximo lunes 9 de julio, la Biblioteca P\u00fablica Cirujano Videla de [&hellip;]<\/p>\n","protected":false},"author":6,"featured_media":0,"comment_status":"open","ping_status":"open","sticky":false,"template":"","format":"standard","meta":{"_acf_changed":false,"footnotes":""},"categories":[1],"tags":[960,1757,1755,1756],"acf":[],"aioseo_notices":[],"_links":{"self":[{"href":"https:\/\/www.andacolloconectado.cl\/index.php\/wp-json\/wp\/v2\/posts\/6419"}],"collection":[{"href":"https:\/\/www.andacolloconectado.cl\/index.php\/wp-json\/wp\/v2\/posts"}],"about":[{"href":"https:\/\/www.andacolloconectado.cl\/index.php\/wp-json\/wp\/v2\/types\/post"}],"author":[{"embeddable":true,"href":"https:\/\/www.andacolloconectado.cl\/index.php\/wp-json\/wp\/v2\/users\/6"}],"replies":[{"embeddable":true,"href":"https:\/\/www.andacolloconectado.cl\/index.php\/wp-json\/wp\/v2\/comments?post=6419"}],"version-history":[{"count":2,"href":"https:\/\/www.andacolloconectado.cl\/index.php\/wp-json\/wp\/v2\/posts\/6419\/revisions"}],"predecessor-version":[{"id":6422,"href":"https:\/\/www.andacolloconectado.cl\/index.php\/wp-json\/wp\/v2\/posts\/6419\/revisions\/6422"}],"wp:attachment":[{"href":"https:\/\/www.andacolloconectado.cl\/index.php\/wp-json\/wp\/v2\/media?parent=6419"}],"wp:term":[{"taxonomy":"category","embeddable":true,"href":"https:\/\/www.andacolloconectado.cl\/index.php\/wp-json\/wp\/v2\/categories?post=6419"},{"taxonomy":"post_tag","embeddable":true,"href":"https:\/\/www.andacolloconectado.cl\/index.php\/wp-json\/wp\/v2\/tags?post=6419"}],"curies":[{"name":"wp","href":"https:\/\/api.w.org\/{rel}","templated":true}]}}