{"id":6456,"date":"2018-07-11T14:42:33","date_gmt":"2018-07-11T14:42:33","guid":{"rendered":"http:\/\/www.andacolloconectado.cl\/?p=6456"},"modified":"2018-07-11T14:42:33","modified_gmt":"2018-07-11T14:42:33","slug":"junta-de-vecinos-llama-a-participar-en-1a-kermesse-sociocultural","status":"publish","type":"post","link":"https:\/\/www.andacolloconectado.cl\/index.php\/junta-de-vecinos-llama-a-participar-en-1a-kermesse-sociocultural\/","title":{"rendered":"Junta de Vecinos llama a participar en 1a Kermesse Sociocultural"},"content":{"rendered":"<p><strong>Quienes deseen exponer sus productos o presentar su espect\u00e1culo art\u00edstico, deben inscribirse al correo electr\u00f3nico juntavecinos22mackenna@gmail.com o directamente en las dependencias de Meycom Chile, donde se les dar\u00e1 a conocer las bases. <\/strong><\/p>\n<p>El pr\u00f3ximo domingo 22 de julio se realizar\u00e1 la primera Kermesse Sociocultural de la Junta de Vecinos n\u00b022 del sector Mackenna, donde se espera contar con la exposici\u00f3n de emprendedores locales y un show art\u00edstico. La actividad tiene como objetivo recaudar fondos para poder apoyar econ\u00f3micamente a sus vecinos que presenten alguna enfermedad. Se estima que esta fiesta vecinal inicie cerca de las 9:30 hrs, cuando se cierre oficialmente el pasaje Mackenna para colocar los primeros stands.<\/p>\n<p>Bernardo Fern\u00e1ndez, presidente de la instituci\u00f3n, indic\u00f3 que esperan conseguir los recursos que necesitan, extendiendo la invitaci\u00f3n a toda la comunidad andacollina de que asista al evento: \u201cEstamos bastante optimistas sobre nuestra primera Kermesse Sociocultural.<\/p>\n<p>Esperamos que tengamos muchos emprendedores y artistas locales interesados en participar, as\u00ed como la visita de todos los andacollinos a nuestro pasaje, porque queremos que nuestra actividad sea exitosa para poder reunir los fondos que necesitamos para ayudar a los enfermos del sector, quienes no tienen para costear sus gastos. Adem\u00e1s, habr\u00e1 un plato \u00fanico en la ma\u00f1ana y un show art\u00edstico en la tarde.<\/p>\n<p>Quienes deseen participar tienen que aceptar bases que hemos colocado para que todo se desarrolle con normalidad, como la prohibici\u00f3n de venta de alcohol al tratarse de una actividad al aire libre. Todos estos esfuerzos los hacemos para que la familia pueda venir a ocupar este espacio sin mayores inconvenientes\u201d.<\/p>\n","protected":false},"excerpt":{"rendered":"<p>Quienes deseen exponer sus productos o presentar su espect\u00e1culo art\u00edstico, deben inscribirse al correo electr\u00f3nico juntavecinos22mackenna@gmail.com o directamente en las dependencias de Meycom Chile, donde se les dar\u00e1 a conocer las bases. El pr\u00f3ximo domingo 22 de julio se realizar\u00e1 la primera Kermesse Sociocultural de la Junta de Vecinos n\u00b022 del sector Mackenna, donde se [&hellip;]<\/p>\n","protected":false},"author":5,"featured_media":0,"comment_status":"open","ping_status":"open","sticky":false,"template":"","format":"standard","meta":{"_acf_changed":false,"footnotes":""},"categories":[1],"tags":[1769],"acf":[],"aioseo_notices":[],"_links":{"self":[{"href":"https:\/\/www.andacolloconectado.cl\/index.php\/wp-json\/wp\/v2\/posts\/6456"}],"collection":[{"href":"https:\/\/www.andacolloconectado.cl\/index.php\/wp-json\/wp\/v2\/posts"}],"about":[{"href":"https:\/\/www.andacolloconectado.cl\/index.php\/wp-json\/wp\/v2\/types\/post"}],"author":[{"embeddable":true,"href":"https:\/\/www.andacolloconectado.cl\/index.php\/wp-json\/wp\/v2\/users\/5"}],"replies":[{"embeddable":true,"href":"https:\/\/www.andacolloconectado.cl\/index.php\/wp-json\/wp\/v2\/comments?post=6456"}],"version-history":[{"count":2,"href":"https:\/\/www.andacolloconectado.cl\/index.php\/wp-json\/wp\/v2\/posts\/6456\/revisions"}],"predecessor-version":[{"id":6459,"href":"https:\/\/www.andacolloconectado.cl\/index.php\/wp-json\/wp\/v2\/posts\/6456\/revisions\/6459"}],"wp:attachment":[{"href":"https:\/\/www.andacolloconectado.cl\/index.php\/wp-json\/wp\/v2\/media?parent=6456"}],"wp:term":[{"taxonomy":"category","embeddable":true,"href":"https:\/\/www.andacolloconectado.cl\/index.php\/wp-json\/wp\/v2\/categories?post=6456"},{"taxonomy":"post_tag","embeddable":true,"href":"https:\/\/www.andacolloconectado.cl\/index.php\/wp-json\/wp\/v2\/tags?post=6456"}],"curies":[{"name":"wp","href":"https:\/\/api.w.org\/{rel}","templated":true}]}}