{"id":6514,"date":"2018-07-19T21:27:51","date_gmt":"2018-07-19T21:27:51","guid":{"rendered":"http:\/\/www.andacolloconectado.cl\/?p=6514"},"modified":"2018-07-19T21:27:51","modified_gmt":"2018-07-19T21:27:51","slug":"se-encuentran-disponibles-los-resultados-de-las-postulaciones-a-los-proyectos-cat-2018","status":"publish","type":"post","link":"https:\/\/www.andacolloconectado.cl\/index.php\/se-encuentran-disponibles-los-resultados-de-las-postulaciones-a-los-proyectos-cat-2018\/","title":{"rendered":"Se encuentran disponibles los resultados de las postulaciones a los Proyectos CAT 2018"},"content":{"rendered":"<p><em><strong>La n\u00f3mina de los proyectos aprobados est\u00e1 publicada en las oficinas de Teck, ubicadas en Urmeneta 891.<\/strong><\/em><\/p>\n<p>Andacollo. En una reuni\u00f3n abierta se efectu\u00f3 la entrega de resultados del proceso de postulaci\u00f3n al Fondo de Proyectos de la Comunidad Andacollina Teck (CAT) 2018. La iniciativa, que se realiza por primera vez en la comuna, tiene por objetivo apoyar la ejecuci\u00f3n de proyectos prersentados por organizaciones sociales en \u00e1mbitos educativos, ambientales, de salud y bienestar, desarrollo econ\u00f3mico, deportes y recreaci\u00f3n, arte y cultura, infraestructura y fortalecimiento social.<\/p>\n<p>En la ocaci\u00f3n, se dieron a conocer los proyectos presentados, los admisibles y aquellos que fueron aprobados \u2013 de acuerdo a las bases &#8211; por votaci\u00f3n directa de los 18 miembros que componen la CAT (Municipalidad de Andacollo; Concejo Comunal; Uni\u00f3n Comunal de Juntas de Vecinos; Uni\u00f3n Comunal de Adultos Mayores; Uni\u00f3n Comunal de la Cultura; Uni\u00f3n Comunal de Centro de Madres; Comunidad Andacollina Organizada; Sindicato de Pirquineros de Andacollo; ASOGREMI; Representante Mundo del Deporte; Sindicato de Trabajadores Teck CDA; C\u00e1mara de Comercio de Andacollo; Concejo Consultivo de Salud de Andacollo; Representante Mundo Rural; Agrupaci\u00f3n CMA; Sindicato de Pirquineros Las Loas; COSOC; Compa\u00f1\u00eda Minera Teck CDA).<\/p>\n<p>En esta l\u00ednea, se recibieron 84 propuestas; 8 no cumplieron el criterio de admisibilidad (error o falta de documentaci\u00f3n) y 14 no alcanzaron la nota exigida para acceder a la votaci\u00f3n de la CAT. Este proceso, de postulaci\u00f3n y revisi\u00f3n de los proyectos para que se ajustaran al cumplimiento de las bases establecidas, estuvo a cargo de la consultora GEDES, quien por licitaci\u00f3n se adjudic\u00f3 dicha labor.<\/p>\n<p>Finalmente, 62 proyectos accedieron a la votaci\u00f3n de los integrantes de la CAT, aprob\u00e1ndose 32 iniciativas por un monto total de $670.000.000 millones de pesos.<\/p>\n<p>Las organizaciones beneficiadas, deber\u00e1n firmar un convenio que establecer\u00e1 las actividades a ejecutar, la modalidad de transferencia y rendici\u00f3n de los recursos aportados. Adem\u00e1s, se chequear\u00e1 que no registren rendiciones pendientes de gastos de proyectos anteriores con Teck CDA (el proceso de regularizaci\u00f3n se efectuar\u00e1 entre el 24 de julio y el 3 de agosto).<\/p>\n<p>Quienes tengan consultas sobre los proyectos presentados en esta versi\u00f3n 2018 a los Fondos CAT, podr\u00e1n realizarlas directamente a la consultora GEDES, quienes atender\u00e1n en las oficinas de Teck en la comuna (Urmeneta #891), los d\u00edas lunes 23 y martes 24 de julio entre las 10:00 y 18:00 horas.<\/p>\n<p>&nbsp;<\/p>\n<p><strong>Proyectos aprobados para el Fondo de Proyectos CAT 2018<\/strong><\/p>\n<p><a href=\"http:\/\/www.andacolloconectado.cl\/wp-content\/uploads\/2018\/07\/proyectos-CAT-1.png\"><img loading=\"lazy\" decoding=\"async\" class=\"alignnone size-full wp-image-6518\" src=\"http:\/\/www.andacolloconectado.cl\/wp-content\/uploads\/2018\/07\/proyectos-CAT-1.png\" alt=\"proyectos CAT 1\" width=\"364\" height=\"544\" srcset=\"https:\/\/www.andacolloconectado.cl\/wp-content\/uploads\/2018\/07\/proyectos-CAT-1.png 364w, https:\/\/www.andacolloconectado.cl\/wp-content\/uploads\/2018\/07\/proyectos-CAT-1-201x300.png 201w\" sizes=\"(max-width: 364px) 100vw, 364px\" \/><\/a><\/p>\n<p><a href=\"http:\/\/www.andacolloconectado.cl\/wp-content\/uploads\/2018\/07\/proyectos-CAT-2.png\"><img loading=\"lazy\" decoding=\"async\" class=\"alignnone size-full wp-image-6519\" src=\"http:\/\/www.andacolloconectado.cl\/wp-content\/uploads\/2018\/07\/proyectos-CAT-2.png\" alt=\"proyectos CAT 2\" width=\"363\" height=\"446\" srcset=\"https:\/\/www.andacolloconectado.cl\/wp-content\/uploads\/2018\/07\/proyectos-CAT-2.png 363w, https:\/\/www.andacolloconectado.cl\/wp-content\/uploads\/2018\/07\/proyectos-CAT-2-244x300.png 244w\" sizes=\"(max-width: 363px) 100vw, 363px\" \/><\/a><\/p>\n<p>&nbsp;<\/p>\n","protected":false},"excerpt":{"rendered":"<p>La n\u00f3mina de los proyectos aprobados est\u00e1 publicada en las oficinas de Teck, ubicadas en Urmeneta 891. Andacollo. En una reuni\u00f3n abierta se efectu\u00f3 la entrega de resultados del proceso de postulaci\u00f3n al Fondo de Proyectos de la Comunidad Andacollina Teck (CAT) 2018. La iniciativa, que se realiza por primera vez en la comuna, tiene [&hellip;]<\/p>\n","protected":false},"author":3,"featured_media":0,"comment_status":"open","ping_status":"open","sticky":false,"template":"","format":"standard","meta":{"_acf_changed":false,"footnotes":""},"categories":[1],"tags":[1795,1794],"acf":[],"aioseo_notices":[],"_links":{"self":[{"href":"https:\/\/www.andacolloconectado.cl\/index.php\/wp-json\/wp\/v2\/posts\/6514"}],"collection":[{"href":"https:\/\/www.andacolloconectado.cl\/index.php\/wp-json\/wp\/v2\/posts"}],"about":[{"href":"https:\/\/www.andacolloconectado.cl\/index.php\/wp-json\/wp\/v2\/types\/post"}],"author":[{"embeddable":true,"href":"https:\/\/www.andacolloconectado.cl\/index.php\/wp-json\/wp\/v2\/users\/3"}],"replies":[{"embeddable":true,"href":"https:\/\/www.andacolloconectado.cl\/index.php\/wp-json\/wp\/v2\/comments?post=6514"}],"version-history":[{"count":3,"href":"https:\/\/www.andacolloconectado.cl\/index.php\/wp-json\/wp\/v2\/posts\/6514\/revisions"}],"predecessor-version":[{"id":6520,"href":"https:\/\/www.andacolloconectado.cl\/index.php\/wp-json\/wp\/v2\/posts\/6514\/revisions\/6520"}],"wp:attachment":[{"href":"https:\/\/www.andacolloconectado.cl\/index.php\/wp-json\/wp\/v2\/media?parent=6514"}],"wp:term":[{"taxonomy":"category","embeddable":true,"href":"https:\/\/www.andacolloconectado.cl\/index.php\/wp-json\/wp\/v2\/categories?post=6514"},{"taxonomy":"post_tag","embeddable":true,"href":"https:\/\/www.andacolloconectado.cl\/index.php\/wp-json\/wp\/v2\/tags?post=6514"}],"curies":[{"name":"wp","href":"https:\/\/api.w.org\/{rel}","templated":true}]}}