{"id":6667,"date":"2018-08-09T18:25:29","date_gmt":"2018-08-09T18:25:29","guid":{"rendered":"http:\/\/www.andacolloconectado.cl\/?p=6667"},"modified":"2018-08-09T18:25:29","modified_gmt":"2018-08-09T18:25:29","slug":"teck-informa-sobre-traslado-especial-por-ruta-d-51-11","status":"publish","type":"post","link":"https:\/\/www.andacolloconectado.cl\/index.php\/teck-informa-sobre-traslado-especial-por-ruta-d-51-11\/","title":{"rendered":"Teck informa sobre traslado especial por Ruta D-51"},"content":{"rendered":"<p>Con el prop\u00f3sito de dar cumplimiento al lineamiento de contacto permanente con la comunidad, Teck Carmen de Andacollo informa a toda la comunidad que el lunes 13 de agosto se realizar\u00e1 un traslado de carga especial desde el sector El Manzano con direcci\u00f3n a faena a cargo de la empresa contratista Rojas y Donaire.<\/p>\n<p>Lo anterior, se realizar\u00e1 de acuerdo a toda la normativa legal y de seguridad establecida por la autoridad y por nuestra compa\u00f1\u00eda. Adem\u00e1s se contar\u00e1 con escolta de la misma empresa contratista.<\/p>\n<p>El traslado se efectuar\u00e1 entre las 10:30 y 11:30 horas, y contempla la utilizaci\u00f3n de ambas v\u00edas en las curvas, y con las respectivas detenciones en aquellos lugares considerados seguros. Por lo mismo, desde ya, se agradece la comprensi\u00f3n a todos los vecinos ante este proceso de traslado, y se avisa para que lo consideren en su rutina en caso que deban transitar por la Ruta D-51.<\/p>\n<p>A nombre la empresa contratista Rojas y Donaire, y Teck Carmen de Andacollo expresamos nuestras excusas por las incomodidades que podamos causar.<\/p>\n<p><strong>\u00a0<\/strong><\/p>\n","protected":false},"excerpt":{"rendered":"<p>Con el prop\u00f3sito de dar cumplimiento al lineamiento de contacto permanente con la comunidad, Teck Carmen de Andacollo informa a toda la comunidad que el lunes 13 de agosto se realizar\u00e1 un traslado de carga especial desde el sector El Manzano con direcci\u00f3n a faena a cargo de la empresa contratista Rojas y Donaire. Lo [&hellip;]<\/p>\n","protected":false},"author":3,"featured_media":0,"comment_status":"open","ping_status":"open","sticky":false,"template":"","format":"standard","meta":{"_acf_changed":false,"footnotes":""},"categories":[1],"tags":[926,212,1350],"acf":[],"aioseo_notices":[],"_links":{"self":[{"href":"https:\/\/www.andacolloconectado.cl\/index.php\/wp-json\/wp\/v2\/posts\/6667"}],"collection":[{"href":"https:\/\/www.andacolloconectado.cl\/index.php\/wp-json\/wp\/v2\/posts"}],"about":[{"href":"https:\/\/www.andacolloconectado.cl\/index.php\/wp-json\/wp\/v2\/types\/post"}],"author":[{"embeddable":true,"href":"https:\/\/www.andacolloconectado.cl\/index.php\/wp-json\/wp\/v2\/users\/3"}],"replies":[{"embeddable":true,"href":"https:\/\/www.andacolloconectado.cl\/index.php\/wp-json\/wp\/v2\/comments?post=6667"}],"version-history":[{"count":1,"href":"https:\/\/www.andacolloconectado.cl\/index.php\/wp-json\/wp\/v2\/posts\/6667\/revisions"}],"predecessor-version":[{"id":6668,"href":"https:\/\/www.andacolloconectado.cl\/index.php\/wp-json\/wp\/v2\/posts\/6667\/revisions\/6668"}],"wp:attachment":[{"href":"https:\/\/www.andacolloconectado.cl\/index.php\/wp-json\/wp\/v2\/media?parent=6667"}],"wp:term":[{"taxonomy":"category","embeddable":true,"href":"https:\/\/www.andacolloconectado.cl\/index.php\/wp-json\/wp\/v2\/categories?post=6667"},{"taxonomy":"post_tag","embeddable":true,"href":"https:\/\/www.andacolloconectado.cl\/index.php\/wp-json\/wp\/v2\/tags?post=6667"}],"curies":[{"name":"wp","href":"https:\/\/api.w.org\/{rel}","templated":true}]}}