{"id":6680,"date":"2018-08-13T13:59:15","date_gmt":"2018-08-13T13:59:15","guid":{"rendered":"http:\/\/www.andacolloconectado.cl\/?p=6680"},"modified":"2018-08-13T13:59:15","modified_gmt":"2018-08-13T13:59:15","slug":"club-deportivo-alianza-celebro-el-dia-del-nino","status":"publish","type":"post","link":"https:\/\/www.andacolloconectado.cl\/index.php\/club-deportivo-alianza-celebro-el-dia-del-nino\/","title":{"rendered":"Club Deportivo Alianza celebr\u00f3 el D\u00eda del Ni\u00f1o"},"content":{"rendered":"<p><strong>En la instancia, el presidente de la organizaci\u00f3n entreg\u00f3 detalles sobre la construcci\u00f3n de la nueva sede de este laureado club andacollino. Este proyecto fue uno de los beneficiados con los Fondos CAT 2018.<\/strong><\/p>\n<p>Los socios del Club Deportivo Alianza celebraron, el pasado viernes, el D\u00eda del Ni\u00f1o en el centro de eventos Tabankura de Andacollo. En la actividad participaron 70 personas, 50 de los cuales fueron ni\u00f1os y ni\u00f1as hijos de los socios de este destacado club.<\/p>\n<p>Sergio Pizarro, presidente del club deportivo Alianza, se\u00f1al\u00f3 que el retraso de la fiesta se debi\u00f3 a razones laborales de los padres: \u201cLa semana pasada fue el D\u00eda del Ni\u00f1o, pero como est\u00e1bamos en faena, decidimos postergarlo. As\u00ed tenemos a todos los chicos del club compartiendo junto a sus padres. Son momentos felices que nos ayudan a ponernos de pie despu\u00e9s de todo lo que hemos pasado.<\/p>\n<p>Finalmente, Pizarro adelant\u00f3 antecedentes sobre la construcci\u00f3n de la nueva sede, la cual busca sustituir a la perdida por el incendio del pasado 25 de enero: \u201cHa sido un a\u00f1o dif\u00edcil debido al incendio que nos dej\u00f3 sin sede. A\u00fan as\u00ed, levantamos nuestro esp\u00edritu y seguiremos saliendo adelante. Se vienen cosas buenas para nuestro club. Estamos felices porque el Fondo de Proyectos de la Comunidad Andacollina Teck (CAT) aprob\u00f3 los recursos que nos permitir\u00e1n tener una nueva sede, la cual deber\u00e1 estar terminada a finales de este 2018.<\/p>\n<p>Ya estamos en conversaciones con minera Teck CDA y nos dijeron que nos van a hacer los trabajos completos. Estamos muy agradecidos con ellos y con toda la comunidad por apoyar nuestro proyecto\u201d.<\/p>\n<p><strong>Una nueva oportunidad para las organizaciones de\u00a0la comuna.\u00a0<\/strong><br \/>\nEl Fondo de Proyectos de la Comunidad Andacollina Teck (CAT) se realiz\u00f3, por primera vez en este 2018, con el objetivo de apoyar la ejecuci\u00f3n de proyectos presentados por organizaciones sociales en \u00e1mbitos educativos, ambientales, de salud y bienestar, desarrollo econ\u00f3mico, deportes y recreaci\u00f3n, arte y cultura, infraestructura y fortalecimiento social.<\/p>\n<p>Se recibieron 84 propuestas en total, de las cuales 8 quedaron fueron por no cumplir los criterios de admisibilidad y 14 por no haber logrado la calificaci\u00f3n m\u00ednima para llegar a la calificaci\u00f3n final. Tras un arduo proceso, 62 iniciativas llegaron a la votaci\u00f3n, siendo aprobabas 32 de ellas, por un monto total de $670.000.000 millones de pesos.<br \/>\nEl Fondo CAT est\u00e1 compuesto por 18 miembros que son:\u00a0Municipalidad de Andacollo, Concejo Comunal, Uni\u00f3n Comunal de Juntas de Vecinos, Uni\u00f3n Comunal de Adultos Mayores, Uni\u00f3n Comunal de la Cultura, Uni\u00f3n Comunal de Centro de Madres, Comunidad Andacollina Organizada, Sindicato de Pirquineros de Andacollo, ASOGREMI, Representante Mundo del Deporte, Sindicato de Trabajadores Teck CDA, C\u00e1mara de Comercio de Andacollo, Concejo Consultivo de Salud de Andacollo, Representante Mundo Rural; Agrupaci\u00f3n CMA, Sindicato de Pirquineros Las Loas, COSOC, Compa\u00f1\u00eda Minera Teck CDA.<\/p>\n","protected":false},"excerpt":{"rendered":"<p>En la instancia, el presidente de la organizaci\u00f3n entreg\u00f3 detalles sobre la construcci\u00f3n de la nueva sede de este laureado club andacollino. Este proyecto fue uno de los beneficiados con los Fondos CAT 2018. Los socios del Club Deportivo Alianza celebraron, el pasado viernes, el D\u00eda del Ni\u00f1o en el centro de eventos Tabankura de [&hellip;]<\/p>\n","protected":false},"author":5,"featured_media":0,"comment_status":"open","ping_status":"open","sticky":false,"template":"","format":"standard","meta":{"_acf_changed":false,"footnotes":""},"categories":[1],"tags":[1128,212],"acf":[],"aioseo_notices":[],"_links":{"self":[{"href":"https:\/\/www.andacolloconectado.cl\/index.php\/wp-json\/wp\/v2\/posts\/6680"}],"collection":[{"href":"https:\/\/www.andacolloconectado.cl\/index.php\/wp-json\/wp\/v2\/posts"}],"about":[{"href":"https:\/\/www.andacolloconectado.cl\/index.php\/wp-json\/wp\/v2\/types\/post"}],"author":[{"embeddable":true,"href":"https:\/\/www.andacolloconectado.cl\/index.php\/wp-json\/wp\/v2\/users\/5"}],"replies":[{"embeddable":true,"href":"https:\/\/www.andacolloconectado.cl\/index.php\/wp-json\/wp\/v2\/comments?post=6680"}],"version-history":[{"count":4,"href":"https:\/\/www.andacolloconectado.cl\/index.php\/wp-json\/wp\/v2\/posts\/6680\/revisions"}],"predecessor-version":[{"id":6685,"href":"https:\/\/www.andacolloconectado.cl\/index.php\/wp-json\/wp\/v2\/posts\/6680\/revisions\/6685"}],"wp:attachment":[{"href":"https:\/\/www.andacolloconectado.cl\/index.php\/wp-json\/wp\/v2\/media?parent=6680"}],"wp:term":[{"taxonomy":"category","embeddable":true,"href":"https:\/\/www.andacolloconectado.cl\/index.php\/wp-json\/wp\/v2\/categories?post=6680"},{"taxonomy":"post_tag","embeddable":true,"href":"https:\/\/www.andacolloconectado.cl\/index.php\/wp-json\/wp\/v2\/tags?post=6680"}],"curies":[{"name":"wp","href":"https:\/\/api.w.org\/{rel}","templated":true}]}}