{"id":6849,"date":"2018-09-03T21:27:36","date_gmt":"2018-09-03T21:27:36","guid":{"rendered":"http:\/\/www.andacolloconectado.cl\/?p=6849"},"modified":"2018-09-03T21:27:36","modified_gmt":"2018-09-03T21:27:36","slug":"adultos-mayores-de-las-viviendas-tutelares-realizaron-rico-almuerzo-para-celebrar-el-proximo-inicio-de-la-primavera","status":"publish","type":"post","link":"https:\/\/www.andacolloconectado.cl\/index.php\/adultos-mayores-de-las-viviendas-tutelares-realizaron-rico-almuerzo-para-celebrar-el-proximo-inicio-de-la-primavera\/","title":{"rendered":"Adultos Mayores de las Viviendas Tutelares realizaron rico almuerzo para celebrar el pr\u00f3ximo inicio de la Primavera"},"content":{"rendered":"<p><i><span style=\"font-weight: 400;\">La instancia no sirvi\u00f3 solamente para que estos adultos mayores pudiesen disfrutar de un buen momento, sino para que pudiesen compartir, socializar y conversar con las autoridades sobre las problem\u00e1ticas que aquejan a un sector et\u00e1reo que est\u00e1 aumentando su presencia en el pa\u00eds.<\/span><\/i><\/p>\n<p>Los adultos mayores de las Viviendas Tuteladas Padre Haroldo Zepeda \u00a0realizaron la actividad \u201cFelices, porque pasamos Agosto\u201d, consistente en un almuerzo para celebrar que cumplieron con el tradicional ritual de \u201cpasar Agosto\u201d \u00a0y dar la bienvenida a la primavera. A este importante evento fueron invitados el alcalde de Andacollo, Juan Carlos Alfaro, y el personal del Servicio Nacional del Adulto Mayor (SENAMA).<\/p>\n<p><span style=\"font-weight: 400;\">Azucena Gait\u00e1n, una de las integrantes de las Viviendas Tuteladas de Andacollo, indic\u00f3 que sinti\u00f3 que la grata visita de las autoridades demuestra que siguen siendo parte importante de la comuna: \u201cEstos eventos a uno le levantan el \u00e1nimo, le dan ganas de seguir viviendo. Estoy agradecida porque su visita nos refresca la mente y el coraz\u00f3n. Muy lindo todo, porque significa que nos siguen tomando en cuenta como andacollinos. Yo me hice presente, aunque \u2018pas\u00e9 Agosto a la rastra\u2019. Estoy feliz de haber asistido\u201d.<\/span><\/p>\n<p><span style=\"font-weight: 400;\">En tanto, Pablo Elgueta, coordinador de SENAMA, se\u00f1al\u00f3 que, como organismo, quisieron dar un nuevo significado al evento: \u201cHemos celebrado una hermosa actividad con los Adultos Mayores, Nos alegra estar ac\u00e1 con ellos, en terreno. Por esta raz\u00f3n, quisimos darle una visi\u00f3n a esta actividad: m\u00e1s que \u2018pasar Agosto\u2019, lo enfocamos en darle la bienvenida a la primavera. Los vemos felices y activos. Eso nos deja muy satisfechos, puesto que queremos que ya no sean Adultos Mayores, sino que Adultos Mejores\u201d.<\/span><\/p>\n<p><span style=\"font-weight: 400;\">Finalmente, Juan Carlos Alfaro, alcalde de Andacollo, destac\u00f3 este almuerzo como una instancia para compartir con los adultos mayores y conocer sobre las problem\u00e1ticas que los aquejan: \u201cLos adultos mayores de las Viviendas Tutelares nos invitaron a almorzar con ellos, en marco de una actividad que han organizado para celebrar que \u2018pasaron Agosto\u2019. Ha sido una importante oportunidad para compartir, conversar y socializar con ellos y renovar nuestro compromiso y apoyo en todas las actividades que sigan organizando por el bien de los adultos mayores de la comuna\u201d.<\/span><\/p>\n","protected":false},"excerpt":{"rendered":"<p>La instancia no sirvi\u00f3 solamente para que estos adultos mayores pudiesen disfrutar de un buen momento, sino para que pudiesen compartir, socializar y conversar con las autoridades sobre las problem\u00e1ticas que aquejan a un sector et\u00e1reo que est\u00e1 aumentando su presencia en el pa\u00eds. Los adultos mayores de las Viviendas Tuteladas Padre Haroldo Zepeda \u00a0realizaron [&hellip;]<\/p>\n","protected":false},"author":5,"featured_media":0,"comment_status":"open","ping_status":"open","sticky":false,"template":"","format":"standard","meta":{"_acf_changed":false,"footnotes":""},"categories":[1],"tags":[1886],"acf":[],"aioseo_notices":[],"_links":{"self":[{"href":"https:\/\/www.andacolloconectado.cl\/index.php\/wp-json\/wp\/v2\/posts\/6849"}],"collection":[{"href":"https:\/\/www.andacolloconectado.cl\/index.php\/wp-json\/wp\/v2\/posts"}],"about":[{"href":"https:\/\/www.andacolloconectado.cl\/index.php\/wp-json\/wp\/v2\/types\/post"}],"author":[{"embeddable":true,"href":"https:\/\/www.andacolloconectado.cl\/index.php\/wp-json\/wp\/v2\/users\/5"}],"replies":[{"embeddable":true,"href":"https:\/\/www.andacolloconectado.cl\/index.php\/wp-json\/wp\/v2\/comments?post=6849"}],"version-history":[{"count":2,"href":"https:\/\/www.andacolloconectado.cl\/index.php\/wp-json\/wp\/v2\/posts\/6849\/revisions"}],"predecessor-version":[{"id":6852,"href":"https:\/\/www.andacolloconectado.cl\/index.php\/wp-json\/wp\/v2\/posts\/6849\/revisions\/6852"}],"wp:attachment":[{"href":"https:\/\/www.andacolloconectado.cl\/index.php\/wp-json\/wp\/v2\/media?parent=6849"}],"wp:term":[{"taxonomy":"category","embeddable":true,"href":"https:\/\/www.andacolloconectado.cl\/index.php\/wp-json\/wp\/v2\/categories?post=6849"},{"taxonomy":"post_tag","embeddable":true,"href":"https:\/\/www.andacolloconectado.cl\/index.php\/wp-json\/wp\/v2\/tags?post=6849"}],"curies":[{"name":"wp","href":"https:\/\/api.w.org\/{rel}","templated":true}]}}