{"id":6883,"date":"2018-09-07T14:19:13","date_gmt":"2018-09-07T14:19:13","guid":{"rendered":"http:\/\/www.andacolloconectado.cl\/?p=6883"},"modified":"2018-09-07T14:19:13","modified_gmt":"2018-09-07T14:19:13","slug":"minera-teck-cda-realizo-actividad-sobre-prevencion-para-fiestas-patrias-junto-con-empresas-privadas-y-senda","status":"publish","type":"post","link":"https:\/\/www.andacolloconectado.cl\/index.php\/minera-teck-cda-realizo-actividad-sobre-prevencion-para-fiestas-patrias-junto-con-empresas-privadas-y-senda\/","title":{"rendered":"Minera Teck CDA realiz\u00f3 actividad sobre prevenci\u00f3n para Fiestas Patrias junto con empresas privadas y SENDA"},"content":{"rendered":"<p>Esta actividad se enmarca dentro del trabajo que lleva el \u00e1rea de seguridad de Teck CDA durante este a\u00f1o 2018, en el colegio, en materia de seguridad preventiva en consumo de alcohol y drogas.<\/p>\n<p>Una actividad para difundir medidas de prevenci\u00f3n sobre consumo de alcohol y estupefacientes, durante estas Fiestas Patrias, realiz\u00f3 el personal de Seguridad de Minera Teck CDA. El objetivo final es que los alumnos y alumnos sean promotores de estas conductas en sus hogares. El evento tuvo lugar en las dependencias del Colegio Nuestra Se\u00f1ora del Rosario de Andacollo en la tarde del pasado jueves. Adem\u00e1s, se cont\u00f3 con la participaci\u00f3n de Transportes Rojas y Donaire, Disal y el Servicio Nacional para la Prevenci\u00f3n y Rehabilitaci\u00f3n del Consumo de Drogas y Alcohol (SENDA).<\/p>\n<p>Alexis Torres, alumno del colegio Nuestra Se\u00f1ora del Rosario, destac\u00f3 los alcances que tuvo la actividad: \u201cFue entretenido porque nos ense\u00f1aron a no consumir alcohol porque puede provocar situaciones dolorosas y que debemos decir esto en nuestras casas para que todos se cuiden.\u201d Otra alumna del establecimiento, Katherine Y\u00e1\u00f1ez, agreg\u00f3 lo divertido que fue aprender en esta din\u00e1mica: \u201cEs entretenido que est\u00e9n haciendo juegos para, adem\u00e1s de hacernos pasar un buen rato, nos ense\u00f1en a c\u00f3mo debemos decirles a nuestros padres que se cuiden para estas fiestas\u201d.<\/p>\n<p>En tanto, Francisco Gonz\u00e1lez, director del colegio Nuestra Se\u00f1ora del Rosario, indic\u00f3 que la meta es que los alumnos sean difusores de las medidas preventivas que aprendieron participante de esta instancia: \u201cLa forma en que se conectaron los requerimientos de los estudiantes con la prevenci\u00f3n que est\u00e1 haciendo SENDA fue muy importante y potenci\u00f3 los alcances de los aprendizajes.<\/p>\n<p>Adem\u00e1s, agradecemos a Minera Teck Carmen y a las empresas que han generado la actividad, que no es la primera que se realiza y viene a coronar un plan que tenemos con Teck CDA. \u00c9sta es la mejor forma de aprender, porque no es lo mismo estar escuchando una presentaci\u00f3n de diapositivas que experimentar en situ. Ahora ellos podr\u00e1n ir a sus casas, hablar estos temas con sus padres y darles a conocer la importancia del consumo responsable de alcohol, evitar las drogas y los beneficios de la vida saludable\u201d.<\/p>\n<p>Por su parte, Mauricio Segovia, encargado comunal de SENDA Previene, explic\u00f3 la forma en que los estudiantes trabajaron durante la jornada: \u201cPara nosotros es s\u00faper importante proseguir aumentando la percepci\u00f3n de riesgo del consumo de alcohol y drogas dentro de la comuna. Los alumnos participaron de estaciones de trabajo, donde pudieron conocer y experimentar las consecuencias del consumo del alcohol y de los estupefacientes. Esperamos que ellos se conviertan en promotores de estas medidas en sus casas y que las Fiestas Patrias sean, para ellos, una instancia familiar y no un momento que los marque negativamente\u201d.<\/p>\n<p>Finalmente, Luis Alfaro, Supervisor de seguridad y salud de Minera Teck CDA, se\u00f1al\u00f3 que la actividad se enmarca dentro de un largo trabajo que la compa\u00f1\u00eda lleva realizando junto al establecimiento: \u201cEsta actividad se enmarca dentro del plan de seguridad y salud que estamos fomentando para fortalecer estos importantes puntos dentro de los escolares. Para ella, ense\u00f1amos, por medio de una din\u00e1mica, a los estudiantes los riesgos del consumo de alcohol, como la p\u00e9rdida de las fuerzas motrices, de la forma de caminar. Queremos crear consciencia en ellos, para que la traspasen a sus padres, como una estrategia que ayude a crear una cultura de prevenci\u00f3n. Ya antes hab\u00edamos trabajado con el colegio Nuestra Se\u00f1ora del Rosario, puesto que hemos estado haciendo una serie de actividades con ellos, como la detecci\u00f3n de riesgos, cursos de seguridad y de procedimientos de emergencia. Como empresa, deseamos ayudar a fortalecer una cultura de prevenci\u00f3n y seguridad dentro de Andacollo\u201d.<\/p>\n","protected":false},"excerpt":{"rendered":"<p>Esta actividad se enmarca dentro del trabajo que lleva el \u00e1rea de seguridad de Teck CDA durante este a\u00f1o 2018, en el colegio, en materia de seguridad preventiva en consumo de alcohol y drogas. Una actividad para difundir medidas de prevenci\u00f3n sobre consumo de alcohol y estupefacientes, durante estas Fiestas Patrias, realiz\u00f3 el personal de [&hellip;]<\/p>\n","protected":false},"author":5,"featured_media":0,"comment_status":"open","ping_status":"open","sticky":false,"template":"","format":"standard","meta":{"_acf_changed":false,"footnotes":""},"categories":[1],"tags":[565,212],"acf":[],"aioseo_notices":[],"_links":{"self":[{"href":"https:\/\/www.andacolloconectado.cl\/index.php\/wp-json\/wp\/v2\/posts\/6883"}],"collection":[{"href":"https:\/\/www.andacolloconectado.cl\/index.php\/wp-json\/wp\/v2\/posts"}],"about":[{"href":"https:\/\/www.andacolloconectado.cl\/index.php\/wp-json\/wp\/v2\/types\/post"}],"author":[{"embeddable":true,"href":"https:\/\/www.andacolloconectado.cl\/index.php\/wp-json\/wp\/v2\/users\/5"}],"replies":[{"embeddable":true,"href":"https:\/\/www.andacolloconectado.cl\/index.php\/wp-json\/wp\/v2\/comments?post=6883"}],"version-history":[{"count":3,"href":"https:\/\/www.andacolloconectado.cl\/index.php\/wp-json\/wp\/v2\/posts\/6883\/revisions"}],"predecessor-version":[{"id":6887,"href":"https:\/\/www.andacolloconectado.cl\/index.php\/wp-json\/wp\/v2\/posts\/6883\/revisions\/6887"}],"wp:attachment":[{"href":"https:\/\/www.andacolloconectado.cl\/index.php\/wp-json\/wp\/v2\/media?parent=6883"}],"wp:term":[{"taxonomy":"category","embeddable":true,"href":"https:\/\/www.andacolloconectado.cl\/index.php\/wp-json\/wp\/v2\/categories?post=6883"},{"taxonomy":"post_tag","embeddable":true,"href":"https:\/\/www.andacolloconectado.cl\/index.php\/wp-json\/wp\/v2\/tags?post=6883"}],"curies":[{"name":"wp","href":"https:\/\/api.w.org\/{rel}","templated":true}]}}