{"id":7096,"date":"2018-10-10T13:30:40","date_gmt":"2018-10-10T13:30:40","guid":{"rendered":"http:\/\/www.andacolloconectado.cl\/?p=7096"},"modified":"2018-10-10T13:30:40","modified_gmt":"2018-10-10T13:30:40","slug":"andacollo-no-tendra-farmacia-popular-e-inmueble-sera-ocupado-para-centro-de-acondicionamiento-para-el-adulto-mayor","status":"publish","type":"post","link":"https:\/\/www.andacolloconectado.cl\/index.php\/andacollo-no-tendra-farmacia-popular-e-inmueble-sera-ocupado-para-centro-de-acondicionamiento-para-el-adulto-mayor\/","title":{"rendered":"Andacollo no tendr\u00e1 farmacia popular e inmueble ser\u00e1 ocupado para centro de acondicionamiento para el adulto mayor"},"content":{"rendered":"<p>La municipalidad local seg\u00fan lo indicado por la contralor\u00eda no puede tener una farmacia popular, porque no cuenta con establecimientos de salud primaria a su cargo. La entidad edilicia oficio al Servicio de Salud y al Hospital local para buscar una soluci\u00f3n en conjunto y sin obtener respuesta.<\/p>\n<p>Luego de efectuar todas las consultas y tr\u00e1mites posibles para concretar la anhelada farmacia popular, el municipio de Andacollo no tuvo otra opci\u00f3n que resignarse a la idea de tener un lugar donde se vendieran medicamentos a bajo costo para la comunidad local. Esto debido al dictamen de contralor\u00eda que proh\u00edbe la instalaci\u00f3n de Farmacia Populares en los municipios que no tienen atenci\u00f3n de salud primaria a su cargo. Incluso la municipalidad oficio al Servicio de Salud Coquimbo y al hospital local para buscar una soluci\u00f3n conjunta, pero no obtuvo respuesta.<\/p>\n<p>\u201cNosotros como concejo municipal siempre tuvimos la mejor intenci\u00f3n y siempre quisimos tener una Farmacia Popular en la comuna, porque entendemos que en Chile los precios de los medicamentos son demasiados altos y hay personas que viven con muy poco dinero. Hicimos todo lo que ten\u00edamos que hacer, incluso gestionar con el Servicio de Salud Coquimbo la posibilidad de una farmacia, pero no obtuvimos respuesta. Y en definitiva por el dictamen de la contralor\u00eda no podemos tener una Farmacia Popular \u201c, indic\u00f3 el Alcalde Juan Carlos Alfaro.<\/p>\n<p>Despu\u00e9s de efectuar los oficios pertinentes en enero de este a\u00f1o a la contralor\u00eda y recibir la mala noticia, que ni siquiera una corporaci\u00f3n municipal o local pod\u00eda vender medicamento a una precio accesible para la comunidad, la entidad edilicia tom\u00f3 la decisi\u00f3n de solicitarle a Bienes Nacionales, due\u00f1o del terreno ubicado en calle Alfonso, autorizaci\u00f3n para utilizar el recinto como un Centro de Acondicionamiento F\u00edsico Integral, destinado principalmente a adultos mayores.<\/p>\n<p>\u201cSolicitamos a Bienes Nacionales una modificaci\u00f3n en el contrato del terreno que nos hab\u00edan entregado y vamos a hacer un Centro de Acondicionamiento F\u00edsico especialmente para los adultos mayores. Estamos adaptando el local para que pueda funcionar lo antes posible con un kinesi\u00f3logo que estar\u00e1 trabajando en ese lugar\u201c, coment\u00f3 el edil Alfaro.<\/p>\n<p>La Municipalidad de Andacollo espera que este nuevo establecimiento pueda ser de gran ayuda a los adultos mayores de la comuna, sobre todo porque en el futuro este centro de acondicionamiento buscar\u00e1 transformarse en un centro kin\u00e9sico, que ser\u00e1 de suma importancia para la comunidad, dada la larga lista de pacientes en espera para esta atenci\u00f3n.<\/p>\n<p><strong>Lo que indica el dictamen de contralor\u00eda<\/strong><\/p>\n<p>\u201cTrat\u00e1ndose de la instalaci\u00f3n y operaci\u00f3n de las farmacias al margen de dichos establecimientos asistenciales cumple con hacer presente que no existe una norma legal que autorice a los municipios a realizar aquello, de modo que en atenci\u00f3n al principio de juridicidad que rige a los \u00f3rganos de la Administraci\u00f3n del Estado, en virtud de los art\u00edculos 6\u00b0 y 7\u00b0 de la Constituci\u00f3n Pol\u00edtica de la rep\u00fablica, y 2\u00b0 de la ley N\u00b0 18.575, no corresponde que tales entidades edilicias desarrollen la actividad por la que se consulta fuera del referido \u00e1mbito\u201d, indica parte del dictamen N\u00b013636N16 de la Contralor\u00eda General de la Rep\u00fablica.<\/p>\n<p>Los muebles que la municipalidad adquiri\u00f3 ser\u00e1n entregados al hospital local<br \/>\nYa que no fue viable la farmacia popular en Andacollo y el municipio hab\u00eda comprado muebles para ese establecimiento, \u00e9stos ser\u00e1n entregados en comodato por 30 a\u00f1os renovables por igual per\u00edodo al Hospital Doctor Jos\u00e9 Luis Arra\u00f1o de la comuna de Andacollo. Con objetivo que el centro de salud local actualice y pueda contar con mobiliario adecuado para su farmacia.<\/p>\n","protected":false},"excerpt":{"rendered":"<p>La municipalidad local seg\u00fan lo indicado por la contralor\u00eda no puede tener una farmacia popular, porque no cuenta con establecimientos de salud primaria a su cargo. La entidad edilicia oficio al Servicio de Salud y al Hospital local para buscar una soluci\u00f3n en conjunto y sin obtener respuesta. Luego de efectuar todas las consultas y [&hellip;]<\/p>\n","protected":false},"author":5,"featured_media":0,"comment_status":"open","ping_status":"open","sticky":false,"template":"","format":"standard","meta":{"_acf_changed":false,"footnotes":""},"categories":[1],"tags":[1923],"acf":[],"aioseo_notices":[],"_links":{"self":[{"href":"https:\/\/www.andacolloconectado.cl\/index.php\/wp-json\/wp\/v2\/posts\/7096"}],"collection":[{"href":"https:\/\/www.andacolloconectado.cl\/index.php\/wp-json\/wp\/v2\/posts"}],"about":[{"href":"https:\/\/www.andacolloconectado.cl\/index.php\/wp-json\/wp\/v2\/types\/post"}],"author":[{"embeddable":true,"href":"https:\/\/www.andacolloconectado.cl\/index.php\/wp-json\/wp\/v2\/users\/5"}],"replies":[{"embeddable":true,"href":"https:\/\/www.andacolloconectado.cl\/index.php\/wp-json\/wp\/v2\/comments?post=7096"}],"version-history":[{"count":3,"href":"https:\/\/www.andacolloconectado.cl\/index.php\/wp-json\/wp\/v2\/posts\/7096\/revisions"}],"predecessor-version":[{"id":7110,"href":"https:\/\/www.andacolloconectado.cl\/index.php\/wp-json\/wp\/v2\/posts\/7096\/revisions\/7110"}],"wp:attachment":[{"href":"https:\/\/www.andacolloconectado.cl\/index.php\/wp-json\/wp\/v2\/media?parent=7096"}],"wp:term":[{"taxonomy":"category","embeddable":true,"href":"https:\/\/www.andacolloconectado.cl\/index.php\/wp-json\/wp\/v2\/categories?post=7096"},{"taxonomy":"post_tag","embeddable":true,"href":"https:\/\/www.andacolloconectado.cl\/index.php\/wp-json\/wp\/v2\/tags?post=7096"}],"curies":[{"name":"wp","href":"https:\/\/api.w.org\/{rel}","templated":true}]}}