{"id":7221,"date":"2018-10-31T12:56:27","date_gmt":"2018-10-31T12:56:27","guid":{"rendered":"http:\/\/www.andacolloconectado.cl\/?p=7221"},"modified":"2018-10-31T12:56:27","modified_gmt":"2018-10-31T12:56:27","slug":"ya-se-encuentra-en-fase-de-ejecucion-el-proyecto-amae-sobre-rescate-de-patrimonio-alimentario","status":"publish","type":"post","link":"https:\/\/www.andacolloconectado.cl\/index.php\/ya-se-encuentra-en-fase-de-ejecucion-el-proyecto-amae-sobre-rescate-de-patrimonio-alimentario\/","title":{"rendered":"Ya se encuentra en fase de ejecuci\u00f3n el Proyecto AMAE sobre rescate de patrimonio alimentario\u00a0"},"content":{"rendered":"<p><em>Los talleres tendr\u00e1n lugar hasta finales del pr\u00f3ximo mes de noviembre, cerrando con una presentaci\u00f3n de todos los platos realizados por las participantes de la actividad. <\/em><\/p>\n<p>El proyecto \u201cRescate del Patrimonio Alimentario\u201d se est\u00e1 llevando a cabo dentro de Andacollo, con el objetivo de difundir a la comunidad el conocimiento sobre platos t\u00edpicos de la zona. La iniciativa cuenta con la participaci\u00f3n de 18 beneficiadas y est\u00e1 siendo ejecutada por la Asociaci\u00f3n de Mujeres Andacollinas\u00a0Emprendedoras (AMAE), grupo liderado por Alicia Vicencio, con el apoyo de la Oficina Municipal de Turismo.<\/p>\n<p>Solange Mondaca, encargada de la Oficinal Municipal de Turismo, destac\u00f3 los alcances de este proyecto para la comunidad andacollina, \u201ces un proyecto muy bueno, que no solamente busca hacer un rescate cultural de una tradici\u00f3n local, sino que ayuda a fortalecer las habilidades y la capacidad de emprendimiento de sus participantes. Adem\u00e1s, cuenta con Carolina Herrera, destacada gestora cultural de patrimonio alimentario, como su relatora, lo que le da a\u00fan m\u00e1s importancia a lo que se est\u00e1 haciendo. Nosotros tambi\u00e9n trabajamos junto con AMAE para apoyar este proyecto, asesor\u00e1ndolas en su postulaci\u00f3n al Fondo de Cultura del Gobierno Regional (GORE)\u201d.<\/p>\n","protected":false},"excerpt":{"rendered":"<p>Los talleres tendr\u00e1n lugar hasta finales del pr\u00f3ximo mes de noviembre, cerrando con una presentaci\u00f3n de todos los platos realizados por las participantes de la actividad. El proyecto \u201cRescate del Patrimonio Alimentario\u201d se est\u00e1 llevando a cabo dentro de Andacollo, con el objetivo de difundir a la comunidad el conocimiento sobre platos t\u00edpicos de la [&hellip;]<\/p>\n","protected":false},"author":7,"featured_media":0,"comment_status":"open","ping_status":"open","sticky":false,"template":"","format":"standard","meta":{"_acf_changed":false,"footnotes":""},"categories":[1],"tags":[772,41,1945,819],"acf":[],"aioseo_notices":[],"_links":{"self":[{"href":"https:\/\/www.andacolloconectado.cl\/index.php\/wp-json\/wp\/v2\/posts\/7221"}],"collection":[{"href":"https:\/\/www.andacolloconectado.cl\/index.php\/wp-json\/wp\/v2\/posts"}],"about":[{"href":"https:\/\/www.andacolloconectado.cl\/index.php\/wp-json\/wp\/v2\/types\/post"}],"author":[{"embeddable":true,"href":"https:\/\/www.andacolloconectado.cl\/index.php\/wp-json\/wp\/v2\/users\/7"}],"replies":[{"embeddable":true,"href":"https:\/\/www.andacolloconectado.cl\/index.php\/wp-json\/wp\/v2\/comments?post=7221"}],"version-history":[{"count":2,"href":"https:\/\/www.andacolloconectado.cl\/index.php\/wp-json\/wp\/v2\/posts\/7221\/revisions"}],"predecessor-version":[{"id":7224,"href":"https:\/\/www.andacolloconectado.cl\/index.php\/wp-json\/wp\/v2\/posts\/7221\/revisions\/7224"}],"wp:attachment":[{"href":"https:\/\/www.andacolloconectado.cl\/index.php\/wp-json\/wp\/v2\/media?parent=7221"}],"wp:term":[{"taxonomy":"category","embeddable":true,"href":"https:\/\/www.andacolloconectado.cl\/index.php\/wp-json\/wp\/v2\/categories?post=7221"},{"taxonomy":"post_tag","embeddable":true,"href":"https:\/\/www.andacolloconectado.cl\/index.php\/wp-json\/wp\/v2\/tags?post=7221"}],"curies":[{"name":"wp","href":"https:\/\/api.w.org\/{rel}","templated":true}]}}