{"id":7505,"date":"2018-12-19T20:14:46","date_gmt":"2018-12-19T20:14:46","guid":{"rendered":"http:\/\/www.andacolloconectado.cl\/?p=7505"},"modified":"2018-12-19T20:14:46","modified_gmt":"2018-12-19T20:14:46","slug":"seleccion-de-futbol-sub-17-se-prepara-para-representar-a-la-region-en-zapallar-2019","status":"publish","type":"post","link":"https:\/\/www.andacolloconectado.cl\/index.php\/seleccion-de-futbol-sub-17-se-prepara-para-representar-a-la-region-en-zapallar-2019\/","title":{"rendered":"Selecci\u00f3n de f\u00fatbol Sub 17 se prepara para representar a la Regi\u00f3n en Zapallar 2019"},"content":{"rendered":"<p>La selecci\u00f3n andacollina de f\u00fatbol sub 17 continua\u00a0 con su\u00a0 preparaci\u00f3n para enfrentar de la mejor manera posible los partidos que disputar\u00e1 en el pr\u00f3ximo nacional de la categor\u00eda, que se desarrollar\u00e1 en la comuna de Zapallar y que comenzar\u00e1 el 30 de enero.<\/p>\n<p>Actualmente los jugadores tienen practica dos veces a la semana, durante el presente mes estar\u00e1n enfocados en el trabajo f\u00edsico y en las fundamentaciones b\u00e1sicas de t\u00e1ctica.<\/p>\n<p>En la pretemporada de enero los entrenamientos ser\u00e1n para reforzar la t\u00e1ctica futbol\u00edstica y la fija, lo que permitir\u00e1 que el equipo llegue en \u00f3ptima forma a su partido de debut el 1\u00b0 de febrero donde enfrentar\u00e1 a \u201cEl Algarrobo\u201d de Vallenar.<\/p>\n<p>Ricardo Far\u00edas entregador de la Sub 17, se\u00f1al\u00f3 que \u201cconfiamos mucho en los jugadores y en las personas que nos van a respaldar de otros sectores de la regi\u00f3n. Hay una buena base del f\u00fatbol local, hay una generaci\u00f3n dorada de jugadores que son la columna vertebral del equipo y que esperamos lleguen en buena forma al nacional\u201d<\/p>\n<p>&nbsp;<\/p>\n<p><strong><em>Calendario de partidos<\/em><\/strong><\/p>\n<p>Andacollo v\/s El Algarrobo de Vallenar: viernes 1\u00b0de febrero a las 21 hrs, en el Estadio de Papudo.<\/p>\n<p>Andacollo v\/s Iquique: domingo 3 de febrero a las 19 hrs, en el Estadio de Papudo.<\/p>\n<p>Andacollo v\/s Paine: martes 5 de febrero a las 21 hrs, en el Estadio de Papudo.<\/p>\n","protected":false},"excerpt":{"rendered":"<p>La selecci\u00f3n andacollina de f\u00fatbol sub 17 continua\u00a0 con su\u00a0 preparaci\u00f3n para enfrentar de la mejor manera posible los partidos que disputar\u00e1 en el pr\u00f3ximo nacional de la categor\u00eda, que se desarrollar\u00e1 en la comuna de Zapallar y que comenzar\u00e1 el 30 de enero. Actualmente los jugadores tienen practica dos veces a la semana, durante [&hellip;]<\/p>\n","protected":false},"author":7,"featured_media":0,"comment_status":"open","ping_status":"open","sticky":false,"template":"","format":"standard","meta":{"_acf_changed":false,"footnotes":""},"categories":[1],"tags":[772,1197,87],"acf":[],"aioseo_notices":[],"_links":{"self":[{"href":"https:\/\/www.andacolloconectado.cl\/index.php\/wp-json\/wp\/v2\/posts\/7505"}],"collection":[{"href":"https:\/\/www.andacolloconectado.cl\/index.php\/wp-json\/wp\/v2\/posts"}],"about":[{"href":"https:\/\/www.andacolloconectado.cl\/index.php\/wp-json\/wp\/v2\/types\/post"}],"author":[{"embeddable":true,"href":"https:\/\/www.andacolloconectado.cl\/index.php\/wp-json\/wp\/v2\/users\/7"}],"replies":[{"embeddable":true,"href":"https:\/\/www.andacolloconectado.cl\/index.php\/wp-json\/wp\/v2\/comments?post=7505"}],"version-history":[{"count":2,"href":"https:\/\/www.andacolloconectado.cl\/index.php\/wp-json\/wp\/v2\/posts\/7505\/revisions"}],"predecessor-version":[{"id":7508,"href":"https:\/\/www.andacolloconectado.cl\/index.php\/wp-json\/wp\/v2\/posts\/7505\/revisions\/7508"}],"wp:attachment":[{"href":"https:\/\/www.andacolloconectado.cl\/index.php\/wp-json\/wp\/v2\/media?parent=7505"}],"wp:term":[{"taxonomy":"category","embeddable":true,"href":"https:\/\/www.andacolloconectado.cl\/index.php\/wp-json\/wp\/v2\/categories?post=7505"},{"taxonomy":"post_tag","embeddable":true,"href":"https:\/\/www.andacolloconectado.cl\/index.php\/wp-json\/wp\/v2\/tags?post=7505"}],"curies":[{"name":"wp","href":"https:\/\/api.w.org\/{rel}","templated":true}]}}