{"id":7539,"date":"2018-12-24T18:08:18","date_gmt":"2018-12-24T18:08:18","guid":{"rendered":"http:\/\/www.andacolloconectado.cl\/?p=7539"},"modified":"2018-12-24T19:49:55","modified_gmt":"2018-12-24T19:49:55","slug":"bomberos-culmina-con-exito-la-campana-regalando-sonrisas-en-esta-navidad","status":"publish","type":"post","link":"https:\/\/www.andacolloconectado.cl\/index.php\/bomberos-culmina-con-exito-la-campana-regalando-sonrisas-en-esta-navidad\/","title":{"rendered":"Bomberos culmina con \u00e9xito la campa\u00f1a \u201cRegalando sonrisas en esta  Navidad\u201d"},"content":{"rendered":"<p><span style=\"font-weight: 400;\">El viernes pasado por 6\u00b0 a\u00f1o consecutivo los Bomberos de nuestra comuna llevaron regalos a 115 ni\u00f1os y ni\u00f1as andacollinos, apadrin\u00e1ndolos a trav\u00e9s de su campa\u00f1a \u201cRegalando sonrisas en esta Navidad\u201d.<\/span><\/p>\n<p><span style=\"font-weight: 400;\">La actividad navide\u00f1a consiste en llevar regalos y confites a los peque\u00f1os m\u00e1s vulnerables de la comuna, quienes son apadrinados por personas de La Serena, Coquimbo, Santiago y Andacollo. Las cartas con los deseos de los ni\u00f1os son elegidas de los jardines infantiles y de los diferentes sectores tanto urbanos como rurales, incorpor\u00e1ndose Nueva Churrumata y Chepiquilla.<\/span><\/p>\n<p><span style=\"font-weight: 400;\">Esta campa\u00f1a comenz\u00f3 el 2012 cuando los voluntarios retiraron cartas del correo escritas por los peque\u00f1os, posteriormente al crecer el entusiasmo entre los integrantes de las Compa\u00f1\u00edas, se arriesgaron y fueron incorporando a m\u00e1s ni\u00f1os y ni\u00f1as de hasta 12 a\u00f1os.<\/span><\/p>\n<p><span style=\"font-weight: 400;\">Seg\u00fan explica Juan Godoy, superintendente de la Instituci\u00f3n, este a\u00f1o recibieron el apoyo de algunas empresas colaboradoras que aportan con golosinas y cenas navide\u00f1as para las personas de escasos recursos de la comuna. A\u00f1adi\u00f3 \u201cpara que el d\u00eda 24 puedan juntarse como familia y puedan celebrar con una rica cena, esperemos que siga creciendo y sigan aumentando los padrinos por el bienestar de los peque\u00f1os y familias andacollinas que m\u00e1s lo necesitan\u201d.<\/span><\/p>\n","protected":false},"excerpt":{"rendered":"<p>El viernes pasado por 6\u00b0 a\u00f1o consecutivo los Bomberos de nuestra comuna llevaron regalos a 115 ni\u00f1os y ni\u00f1as andacollinos, apadrin\u00e1ndolos a trav\u00e9s de su campa\u00f1a \u201cRegalando sonrisas en esta Navidad\u201d. La actividad navide\u00f1a consiste en llevar regalos y confites a los peque\u00f1os m\u00e1s vulnerables de la comuna, quienes son apadrinados por personas de La [&hellip;]<\/p>\n","protected":false},"author":7,"featured_media":0,"comment_status":"open","ping_status":"open","sticky":false,"template":"","format":"standard","meta":{"_acf_changed":false,"footnotes":""},"categories":[4,1],"tags":[772,1948],"acf":[],"aioseo_notices":[],"_links":{"self":[{"href":"https:\/\/www.andacolloconectado.cl\/index.php\/wp-json\/wp\/v2\/posts\/7539"}],"collection":[{"href":"https:\/\/www.andacolloconectado.cl\/index.php\/wp-json\/wp\/v2\/posts"}],"about":[{"href":"https:\/\/www.andacolloconectado.cl\/index.php\/wp-json\/wp\/v2\/types\/post"}],"author":[{"embeddable":true,"href":"https:\/\/www.andacolloconectado.cl\/index.php\/wp-json\/wp\/v2\/users\/7"}],"replies":[{"embeddable":true,"href":"https:\/\/www.andacolloconectado.cl\/index.php\/wp-json\/wp\/v2\/comments?post=7539"}],"version-history":[{"count":2,"href":"https:\/\/www.andacolloconectado.cl\/index.php\/wp-json\/wp\/v2\/posts\/7539\/revisions"}],"predecessor-version":[{"id":7542,"href":"https:\/\/www.andacolloconectado.cl\/index.php\/wp-json\/wp\/v2\/posts\/7539\/revisions\/7542"}],"wp:attachment":[{"href":"https:\/\/www.andacolloconectado.cl\/index.php\/wp-json\/wp\/v2\/media?parent=7539"}],"wp:term":[{"taxonomy":"category","embeddable":true,"href":"https:\/\/www.andacolloconectado.cl\/index.php\/wp-json\/wp\/v2\/categories?post=7539"},{"taxonomy":"post_tag","embeddable":true,"href":"https:\/\/www.andacolloconectado.cl\/index.php\/wp-json\/wp\/v2\/tags?post=7539"}],"curies":[{"name":"wp","href":"https:\/\/api.w.org\/{rel}","templated":true}]}}