{"id":7547,"date":"2018-12-27T16:09:59","date_gmt":"2018-12-27T16:09:59","guid":{"rendered":"http:\/\/www.andacolloconectado.cl\/?p=7547"},"modified":"2018-12-27T16:09:59","modified_gmt":"2018-12-27T16:09:59","slug":"conmemoraciones-del-santuario-marcan-la-celebracion-de-la-fiesta-grande-2018","status":"publish","type":"post","link":"https:\/\/www.andacolloconectado.cl\/index.php\/conmemoraciones-del-santuario-marcan-la-celebracion-de-la-fiesta-grande-2018\/","title":{"rendered":"Conmemoraciones del  Santuario marcan la celebraci\u00f3n de la Fiesta Grande 2018"},"content":{"rendered":"<p><span style=\"font-weight: 400;\">Miles de peregrinos llegaron a Andacollo para \u00a0celebrar una vez m\u00e1s la Fiesta \u00a0Grande, en honor a la Chinita milagrosa de la monta\u00f1a como es conocida cari\u00f1osamente la Imagen de Nuestra Se\u00f1ora del \u00a0Rosario.<\/span><\/p>\n<p><span style=\"font-weight: 400;\">Se estima que en los 5 d\u00edas que dura esta festividad religiosa han llegado al pueblo cerca de doscientas mil personas entre promeseros, danzantes, peregrinos y comerciantes.<\/span><\/p>\n<p><span style=\"font-weight: 400;\">Ayer 26, el d\u00eda principal de la festividad estuvo marcada por la conmemoraci\u00f3n de tres hechos importantes para el Santuario de Andacollo como es la llegada de la Imagen actual hace 340 a\u00f1os, en 1678; la inauguraci\u00f3n de la Bas\u00edlica en 1893, cumpliendo as\u00ed 125 a\u00f1os al servicio de los peregrinos, y por \u00faltimo la celebraci\u00f3n de los 20 a\u00f1os de su t\u00edtulo de Bas\u00edlica firmado por San Juan Pablo II en 1998.<\/span><\/p>\n<p><span style=\"font-weight: 400;\">La Eucarist\u00eda solemne fue presidida por Monse\u00f1or Ren\u00e9 Rebolledo y concelebrada por varios sacerdotes tanto de la arquidi\u00f3cesis local como de otras ciudades de Chile y el extranjero.<\/span><\/p>\n<p><span style=\"font-weight: 400;\">En su homil\u00eda el pastor de nuestra regi\u00f3n se\u00f1al\u00f3 que \u201cla Chinita nos espera en las 2 Fiestas para ofrecernos su amor de madre, en este d\u00eda se cumplen 340 a\u00f1os de su llegada a este lugar privilegiado, que es su hogar y siempre nos acoge como hijos con su mirada limpia y serena\u201d.<\/span><\/p>\n<p><span style=\"font-weight: 400;\">El Obispo Rebolledo, a su vez destac\u00f3 el gran n\u00famero de fieles presentes en la misa a pesar de ser un d\u00eda h\u00e1bil y, a\u00f1adi\u00f3 que \u201c siempre me impacta ver a los peregrinos que contemplan a Mar\u00eda en su anda, fijando sus ojos en el rostro y mirada que los acaricia con ternura frente a los problemas y adversidades, familiares y personales, mirada que les infunde coraje para peregrinar en la vida en nombre de su hijo\u201d.<\/span><\/p>\n<p><span style=\"font-weight: 400;\">Al t\u00e9rmino de la Eucarist\u00eda el Rector y P\u00e1rroco del Santuario Adam Bartyzol, entreg\u00f3 un galvano de reconocimiento a laicos e instituciones que a lo largo de los a\u00f1os han destacado por su compromiso con la Iglesia de Andacollo.<\/span><\/p>\n<p>&nbsp;<\/p>\n<p><b><i>Personas Galardonadas<\/i><\/b><\/p>\n<p><span style=\"font-weight: 400;\">Francisco Vega, director del Coro.<\/span><\/p>\n<p><span style=\"font-weight: 400;\">Erick \u00a0\u00a0Mart\u00ednez, voz de las celebraciones lit\u00fargicas.<\/span><\/p>\n<p><span style=\"font-weight: 400;\">Aurora Collao, particip\u00f3 de pastorales sociales y liturgia. <\/span><\/p>\n<p><span style=\"font-weight: 400;\">Edmundo \u00a0Escalante, di\u00e1cono permanente.<\/span><\/p>\n<p><span style=\"font-weight: 400;\">Agust\u00edn Araya, fundador Baile Juan Pablo I.<\/span><\/p>\n<p><span style=\"font-weight: 400;\">Elba Blanco, devota de la Virgen que reza a diario el Santo Rosario. <\/span><\/p>\n<p><span style=\"font-weight: 400;\">Dominga Guerra, peluquera de la Sagrada Imagen.<\/span><\/p>\n<p><span style=\"font-weight: 400;\">Guillermo y Luis Gonz\u00e1lez, encargados de las reparaciones de la Bas\u00edlica.<\/span><\/p>\n<p><span style=\"font-weight: 400;\">Georgina Morales, integrante equipo de liturgia de la parroquia.<\/span><\/p>\n<p><span style=\"font-weight: 400;\">Marcia P\u00e9rez, ministra de comuni\u00f3n.<\/span><\/p>\n<p>&nbsp;<\/p>\n<p><b><i>Instituciones Galardonadas<\/i><\/b><\/p>\n<p><span style=\"font-weight: 400;\">Cacicado de Bailes Religiosos del Santuario de Andacollo. <\/span><\/p>\n<p><span style=\"font-weight: 400;\">Misioneras Coraz\u00f3n de Mar\u00eda.<\/span><\/p>\n<p><span style=\"font-weight: 400;\">Anderos de la Sagrada Imagen.<\/span><\/p>\n<p><span style=\"font-weight: 400;\">Guardia del Santuario. <\/span><\/p>\n<p><span style=\"font-weight: 400;\">Comedor de ancianos.<\/span><\/p>\n<p><span style=\"font-weight: 400;\">Colegio Parroquial.<\/span><\/p>\n<p><span style=\"font-weight: 400;\">Anderos de imagen de la Virgen peregrina. <\/span><\/p>\n<p><span style=\"font-weight: 400;\">Voluntariado del 1%. <\/span><\/p>\n<p><span style=\"font-weight: 400;\">Catequistas.<\/span><\/p>\n<p><span style=\"font-weight: 400;\">Municipalidad de Andacollo.<\/span><\/p>\n<p><span style=\"font-weight: 400;\">P\u00e1rrocos Claretianos.<\/span><\/p>\n<p><span style=\"font-weight: 400;\">Arzobispado de La Serena.<\/span><\/p>\n<p><span style=\"font-weight: 400;\">Compa\u00f1\u00eda Teck CDA.<\/span><\/p>\n","protected":false},"excerpt":{"rendered":"<p>Miles de peregrinos llegaron a Andacollo para \u00a0celebrar una vez m\u00e1s la Fiesta \u00a0Grande, en honor a la Chinita milagrosa de la monta\u00f1a como es conocida cari\u00f1osamente la Imagen de Nuestra Se\u00f1ora del \u00a0Rosario. Se estima que en los 5 d\u00edas que dura esta festividad religiosa han llegado al pueblo cerca de doscientas mil personas [&hellip;]<\/p>\n","protected":false},"author":7,"featured_media":0,"comment_status":"open","ping_status":"open","sticky":false,"template":"","format":"standard","meta":{"_acf_changed":false,"footnotes":""},"categories":[1],"tags":[772,329,2000,926,1140,246,212],"acf":[],"aioseo_notices":[],"_links":{"self":[{"href":"https:\/\/www.andacolloconectado.cl\/index.php\/wp-json\/wp\/v2\/posts\/7547"}],"collection":[{"href":"https:\/\/www.andacolloconectado.cl\/index.php\/wp-json\/wp\/v2\/posts"}],"about":[{"href":"https:\/\/www.andacolloconectado.cl\/index.php\/wp-json\/wp\/v2\/types\/post"}],"author":[{"embeddable":true,"href":"https:\/\/www.andacolloconectado.cl\/index.php\/wp-json\/wp\/v2\/users\/7"}],"replies":[{"embeddable":true,"href":"https:\/\/www.andacolloconectado.cl\/index.php\/wp-json\/wp\/v2\/comments?post=7547"}],"version-history":[{"count":2,"href":"https:\/\/www.andacolloconectado.cl\/index.php\/wp-json\/wp\/v2\/posts\/7547\/revisions"}],"predecessor-version":[{"id":7550,"href":"https:\/\/www.andacolloconectado.cl\/index.php\/wp-json\/wp\/v2\/posts\/7547\/revisions\/7550"}],"wp:attachment":[{"href":"https:\/\/www.andacolloconectado.cl\/index.php\/wp-json\/wp\/v2\/media?parent=7547"}],"wp:term":[{"taxonomy":"category","embeddable":true,"href":"https:\/\/www.andacolloconectado.cl\/index.php\/wp-json\/wp\/v2\/categories?post=7547"},{"taxonomy":"post_tag","embeddable":true,"href":"https:\/\/www.andacolloconectado.cl\/index.php\/wp-json\/wp\/v2\/tags?post=7547"}],"curies":[{"name":"wp","href":"https:\/\/api.w.org\/{rel}","templated":true}]}}