{"id":7552,"date":"2018-12-28T12:51:32","date_gmt":"2018-12-28T12:51:32","guid":{"rendered":"http:\/\/www.andacolloconectado.cl\/?p=7552"},"modified":"2018-12-28T12:51:32","modified_gmt":"2018-12-28T12:51:32","slug":"teck-informa-sobre-traslado-especial-por-ruta-d-51-13","status":"publish","type":"post","link":"https:\/\/www.andacolloconectado.cl\/index.php\/teck-informa-sobre-traslado-especial-por-ruta-d-51-13\/","title":{"rendered":"Teck informa sobre traslado especial por Ruta D-51"},"content":{"rendered":"<p>Con el prop\u00f3sito de dar cumplimiento al lineamiento de contacto permanente con la comunidad, Teck Carmen de Andacollo informa a toda la comunidad que este viernes 28 de diciembre se realizar\u00e1 un traslado de carga especial hacia Andacollo por Ruta D-51, el que estar\u00e1 a cargo de la empresa contratista Rentamaq.<br \/>\nLo anterior, se realizar\u00e1 de acuerdo a toda la normativa legal y de seguridad establecida por la autoridad y por nuestra compa\u00f1\u00eda. Se contar\u00e1 con el apoyo de escoltas de la misma empresa contratista.<\/p>\n<p>El traslado se efectuar\u00e1 desde 09:00 hrs. y contempla las respectivas detenciones en aquellos lugares considerados seguros. Por lo mismo, desde ya, se agradece la comprensi\u00f3n a todos los vecinos ante este proceso de traslado, y se avisa para que lo consideren en su rutina en caso que deban transitar por la Ruta D-51.<\/p>\n<p>A nombre la empresa contratista Rentamaq, y Teck Carmen de Andacollo expresamos nuestras excusas por las incomodidades que podamos causar.<\/p>\n","protected":false},"excerpt":{"rendered":"<p>Con el prop\u00f3sito de dar cumplimiento al lineamiento de contacto permanente con la comunidad, Teck Carmen de Andacollo informa a toda la comunidad que este viernes 28 de diciembre se realizar\u00e1 un traslado de carga especial hacia Andacollo por Ruta D-51, el que estar\u00e1 a cargo de la empresa contratista Rentamaq. Lo anterior, se realizar\u00e1 [&hellip;]<\/p>\n","protected":false},"author":5,"featured_media":0,"comment_status":"open","ping_status":"open","sticky":false,"template":"","format":"standard","meta":{"_acf_changed":false,"footnotes":""},"categories":[1],"tags":[1348,212],"acf":[],"aioseo_notices":[],"_links":{"self":[{"href":"https:\/\/www.andacolloconectado.cl\/index.php\/wp-json\/wp\/v2\/posts\/7552"}],"collection":[{"href":"https:\/\/www.andacolloconectado.cl\/index.php\/wp-json\/wp\/v2\/posts"}],"about":[{"href":"https:\/\/www.andacolloconectado.cl\/index.php\/wp-json\/wp\/v2\/types\/post"}],"author":[{"embeddable":true,"href":"https:\/\/www.andacolloconectado.cl\/index.php\/wp-json\/wp\/v2\/users\/5"}],"replies":[{"embeddable":true,"href":"https:\/\/www.andacolloconectado.cl\/index.php\/wp-json\/wp\/v2\/comments?post=7552"}],"version-history":[{"count":2,"href":"https:\/\/www.andacolloconectado.cl\/index.php\/wp-json\/wp\/v2\/posts\/7552\/revisions"}],"predecessor-version":[{"id":7555,"href":"https:\/\/www.andacolloconectado.cl\/index.php\/wp-json\/wp\/v2\/posts\/7552\/revisions\/7555"}],"wp:attachment":[{"href":"https:\/\/www.andacolloconectado.cl\/index.php\/wp-json\/wp\/v2\/media?parent=7552"}],"wp:term":[{"taxonomy":"category","embeddable":true,"href":"https:\/\/www.andacolloconectado.cl\/index.php\/wp-json\/wp\/v2\/categories?post=7552"},{"taxonomy":"post_tag","embeddable":true,"href":"https:\/\/www.andacolloconectado.cl\/index.php\/wp-json\/wp\/v2\/tags?post=7552"}],"curies":[{"name":"wp","href":"https:\/\/api.w.org\/{rel}","templated":true}]}}