{"id":7563,"date":"2019-01-04T14:10:14","date_gmt":"2019-01-04T14:10:14","guid":{"rendered":"http:\/\/www.andacolloconectado.cl\/?p=7563"},"modified":"2019-01-04T14:10:15","modified_gmt":"2019-01-04T14:10:15","slug":"la-quinta-version-de-los-juegos-familiares-de-verano-se-realizara-del-14-al-26-de-enero","status":"publish","type":"post","link":"https:\/\/www.andacolloconectado.cl\/index.php\/la-quinta-version-de-los-juegos-familiares-de-verano-se-realizara-del-14-al-26-de-enero\/","title":{"rendered":"La quinta versi\u00f3n de los Juegos Familiares de Verano se realizar\u00e1 del 14 al 26 de enero"},"content":{"rendered":"<p>La Uni\u00f3n Comunal de Juntas de Vecinos (UCJV), invita a las organizaciones sociales de Andacollo a participar de la quinta versi\u00f3n de los Juegos Familiares de Verano \u00abAlbino Galo Vega\u00bb 2019.<\/p>\n<p>La organizaci\u00f3n de este proyecto es realizada por la Agrupaci\u00f3n Cultural Maray, patrocinada por el Municipio y financiada por Compa\u00f1\u00eda Teck CDA a trav\u00e9s de la Ley de donaciones del Ministerio de la Cultura y las Artes.<\/p>\n<p>Andrea Campusano, a cargo de la producci\u00f3n del evento, comenta que las inscripciones de las alianzas que representar\u00e1n a diferentes barrios de la comuna se encuentran abiertas.<\/p>\n<p>Las actividades se iniciar\u00e1n el 14 de enero con las pruebas deportivas en el gimnasio Municipal, y el 21 de enero parten las competencias recreativas, culturales y jocosas en el frontis del Municipio local.<\/p>\n<p><strong>Este a\u00f1o los premios a repartir son:<\/strong><\/p>\n<p>Primer lugar: $1.000.000<\/p>\n<p>Segundo lugar: $700.000<\/p>\n<p>Tercer lugar: $500.000<\/p>\n<p>Campusano a\u00f1adi\u00f3 que \u201cvan a haber sorpresas que permitir\u00e1n que estos juegos de verano 2019 tengan un nivel m\u00e1s elevado. Estamos muy contentos, por ello invitamos a toda la comunidad a pasarlo bien, porque es una alternativa para quienes nos quedamos en el mes de enero en la comuna y tendremos actividades todos los d\u00edas para que participen desde los ni\u00f1os peque\u00f1os hasta los adultos mayores\u201d.<\/p>\n<p>Un aspecto muy importante que destac\u00f3 la dirigente y que ha sido un factor de \u00e9xito de los juegos en a\u00f1os anteriores, ha sido el establecimiento de las competencias y bases de una manera consensuada, por lo tanto \u201cson las mismas alianzas las que ponen su reglas y son los primeros en respetarlas, por ese lado estamos muy tranquilos porque siempre se ha hecho de manera muy ordenada y responsable\u201d.<\/p>\n<p>Finalmente, quienes quieran participar pueden acercarse para inscribir su alianza en la sede de la UCJV o en las dependencias de Radio Monta\u00f1a, ubicadas en el Municipio de Andacollo.<\/p>\n","protected":false},"excerpt":{"rendered":"<p>La Uni\u00f3n Comunal de Juntas de Vecinos (UCJV), invita a las organizaciones sociales de Andacollo a participar de la quinta versi\u00f3n de los Juegos Familiares de Verano \u00abAlbino Galo Vega\u00bb 2019. La organizaci\u00f3n de este proyecto es realizada por la Agrupaci\u00f3n Cultural Maray, patrocinada por el Municipio y financiada por Compa\u00f1\u00eda Teck CDA a trav\u00e9s [&hellip;]<\/p>\n","protected":false},"author":3,"featured_media":0,"comment_status":"open","ping_status":"open","sticky":false,"template":"","format":"standard","meta":{"_acf_changed":false,"footnotes":""},"categories":[1],"tags":[1327,2007,2006,2005,278],"acf":[],"aioseo_notices":[],"_links":{"self":[{"href":"https:\/\/www.andacolloconectado.cl\/index.php\/wp-json\/wp\/v2\/posts\/7563"}],"collection":[{"href":"https:\/\/www.andacolloconectado.cl\/index.php\/wp-json\/wp\/v2\/posts"}],"about":[{"href":"https:\/\/www.andacolloconectado.cl\/index.php\/wp-json\/wp\/v2\/types\/post"}],"author":[{"embeddable":true,"href":"https:\/\/www.andacolloconectado.cl\/index.php\/wp-json\/wp\/v2\/users\/3"}],"replies":[{"embeddable":true,"href":"https:\/\/www.andacolloconectado.cl\/index.php\/wp-json\/wp\/v2\/comments?post=7563"}],"version-history":[{"count":3,"href":"https:\/\/www.andacolloconectado.cl\/index.php\/wp-json\/wp\/v2\/posts\/7563\/revisions"}],"predecessor-version":[{"id":7567,"href":"https:\/\/www.andacolloconectado.cl\/index.php\/wp-json\/wp\/v2\/posts\/7563\/revisions\/7567"}],"wp:attachment":[{"href":"https:\/\/www.andacolloconectado.cl\/index.php\/wp-json\/wp\/v2\/media?parent=7563"}],"wp:term":[{"taxonomy":"category","embeddable":true,"href":"https:\/\/www.andacolloconectado.cl\/index.php\/wp-json\/wp\/v2\/categories?post=7563"},{"taxonomy":"post_tag","embeddable":true,"href":"https:\/\/www.andacolloconectado.cl\/index.php\/wp-json\/wp\/v2\/tags?post=7563"}],"curies":[{"name":"wp","href":"https:\/\/api.w.org\/{rel}","templated":true}]}}