{"id":7568,"date":"2019-01-04T14:55:27","date_gmt":"2019-01-04T14:55:27","guid":{"rendered":"http:\/\/www.andacolloconectado.cl\/?p=7568"},"modified":"2019-01-04T15:10:03","modified_gmt":"2019-01-04T15:10:03","slug":"talleres-de-la-escuela-de-verano-2019-beneficiaran-a-mas-de-40-ninos-andacollinos","status":"publish","type":"post","link":"https:\/\/www.andacolloconectado.cl\/index.php\/talleres-de-la-escuela-de-verano-2019-beneficiaran-a-mas-de-40-ninos-andacollinos\/","title":{"rendered":"Talleres de la Escuela de Verano 2019 beneficiar\u00e1n a m\u00e1s de 40 ni\u00f1os andacollinos"},"content":{"rendered":"<p>Este a\u00f1o, la Municipalidad de Andacollo efectuar\u00e1 una nueva versi\u00f3n de la Escuela de Verano, que ofrece a las jefas de hogar de nuestra comuna y a sus hijos un lugar seguro donde puedan pasar parte de sus vacaciones.<\/p>\n<p>El programa es desarrollado junto con el Ministerio de Desarrollo Social, la Junaeb y el Instituto Nacional del Deporte.<\/p>\n<p>La encargada de coordinar esta Escuela de Verano, es Magaly Gonz\u00e1lez, quien coment\u00f3 que el objetivo principal es generar actividades deportivas y recreativas para 41 ni\u00f1os y ni\u00f1as de la comuna de entre 6 y 12 a\u00f1os de edad.<br \/>\nLa funcionaria afirm\u00f3 que las actividades comenzar\u00e1n este lunes 7 de enero y concluir\u00e1n el 8 de febrero, en las dependencias del Colegio Nuestra se\u00f1ora del Rosario.<\/p>\n<p>Durante cada jornada los ni\u00f1os beneficiados recibir\u00e1n alimentaci\u00f3n diaria consistente en desayuno, almuerzo y once.<\/p>\n<p>El equipo encargado de efectuar los diferentes talleres, que incluyen actividades deportivas, culturales y recreativas, est\u00e1 compuesto por los profesores Ricardo Ortiz, Pamela D\u00edaz y Jonathan Cort\u00e9s.<\/p>\n<p>Magaly Gonz\u00e1lez explica que \u201cya se est\u00e1 coordinando con el Departamento de Cultura para las tardes de cine y con la Oficina de Deportes para ver el tema de la piscina y los talleres de nataci\u00f3n. Tambi\u00e9n se organizan actividades recreativas, se forman alianzas con candidatas y se va de paseo fuera de la comuna\u00bb.<\/p>\n<p>\u00abSe trata de que los ni\u00f1os beneficiados con este programa tengan unas buenas vacaciones y, a la vez, dar tranquilidad a las mamitas que son trabajadores y jefas de hogar\u201d, finaliza Gonz\u00e1lez.<\/p>\n<p>Finalmente, cabe se\u00f1alar que quedan alrededor de 10 cupos para participar en la Escuela de Verano 2019, los interesados deben presentarse en el Departamento Social para completar una ficha con los datos del menor y del adulto responsable.<\/p>\n","protected":false},"excerpt":{"rendered":"<p>Este a\u00f1o, la Municipalidad de Andacollo efectuar\u00e1 una nueva versi\u00f3n de la Escuela de Verano, que ofrece a las jefas de hogar de nuestra comuna y a sus hijos un lugar seguro donde puedan pasar parte de sus vacaciones. El programa es desarrollado junto con el Ministerio de Desarrollo Social, la Junaeb y el Instituto [&hellip;]<\/p>\n","protected":false},"author":3,"featured_media":0,"comment_status":"open","ping_status":"open","sticky":false,"template":"","format":"standard","meta":{"_acf_changed":false,"footnotes":""},"categories":[1],"tags":[2008,2010,382,2009,267,1803,71],"acf":[],"aioseo_notices":[],"_links":{"self":[{"href":"https:\/\/www.andacolloconectado.cl\/index.php\/wp-json\/wp\/v2\/posts\/7568"}],"collection":[{"href":"https:\/\/www.andacolloconectado.cl\/index.php\/wp-json\/wp\/v2\/posts"}],"about":[{"href":"https:\/\/www.andacolloconectado.cl\/index.php\/wp-json\/wp\/v2\/types\/post"}],"author":[{"embeddable":true,"href":"https:\/\/www.andacolloconectado.cl\/index.php\/wp-json\/wp\/v2\/users\/3"}],"replies":[{"embeddable":true,"href":"https:\/\/www.andacolloconectado.cl\/index.php\/wp-json\/wp\/v2\/comments?post=7568"}],"version-history":[{"count":6,"href":"https:\/\/www.andacolloconectado.cl\/index.php\/wp-json\/wp\/v2\/posts\/7568\/revisions"}],"predecessor-version":[{"id":7575,"href":"https:\/\/www.andacolloconectado.cl\/index.php\/wp-json\/wp\/v2\/posts\/7568\/revisions\/7575"}],"wp:attachment":[{"href":"https:\/\/www.andacolloconectado.cl\/index.php\/wp-json\/wp\/v2\/media?parent=7568"}],"wp:term":[{"taxonomy":"category","embeddable":true,"href":"https:\/\/www.andacolloconectado.cl\/index.php\/wp-json\/wp\/v2\/categories?post=7568"},{"taxonomy":"post_tag","embeddable":true,"href":"https:\/\/www.andacolloconectado.cl\/index.php\/wp-json\/wp\/v2\/tags?post=7568"}],"curies":[{"name":"wp","href":"https:\/\/api.w.org\/{rel}","templated":true}]}}