{"id":7579,"date":"2019-01-07T13:12:06","date_gmt":"2019-01-07T13:12:06","guid":{"rendered":"http:\/\/www.andacolloconectado.cl\/?p=7579"},"modified":"2019-01-07T13:12:06","modified_gmt":"2019-01-07T13:12:06","slug":"seleccion-de-futbol-sub17-entrega-nomina-del-equipo-que-participara-en-zapallar","status":"publish","type":"post","link":"https:\/\/www.andacolloconectado.cl\/index.php\/seleccion-de-futbol-sub17-entrega-nomina-del-equipo-que-participara-en-zapallar\/","title":{"rendered":"Selecci\u00f3n de f\u00fatbol Sub17 entrega n\u00f3mina del equipo que participar\u00e1 en Zapallar"},"content":{"rendered":"<p><em>A menos de un mes para que comience el Campeonato Nacional de f\u00fatbol Sub 17, la selecci\u00f3n de nuestra comuna sigue trabajando para llegar en \u00f3ptimas condiciones a los tres partidos que disputar\u00e1 en la primera etapa.<\/em><\/p>\n<p>El cuerpo t\u00e9cnico ya defini\u00f3 a los 19 jugadores que conformar\u00e1n el equipo que viajar\u00e1 a Zapallar el 30 de enero a representar a la comuna y a la IV Regi\u00f3n en el campeonato de la categor\u00eda.<\/p>\n<p>Actualmente, los jugadores seleccionados han iniciado la \u00faltima pretemporada con entrenamientos que fortalecer\u00e1n el rendimiento f\u00edsico y se repasar\u00e1n las t\u00e1cticas futbol\u00edsticas y fijas, lo que permitir\u00e1 que el equipo llegue en las mejores condiciones a su partido de debut el 1\u00b0 de febrero donde enfrentar\u00e1 a \u201cEl Algarrobo\u201d de Vallenar.<\/p>\n<p>Los nominados son: Kevin \u00c1lvarez, Alex Chavarr\u00eda, Felipe Fredes, Cristian Galleguillos, Kevin Godoy, Mat\u00edas Guerra, Javier Guerrero, Nicol\u00e1s Hidalgo, Basti\u00e1n Lemus, Adrian Olivares, Felipe Orellana, Cristofer Palacio, Camilo Pasten, Mat\u00edas Rojas, Jordan Salazar, Basti\u00e1n Sald\u00edvar, Javier Segovia, Nicol\u00e1s Vargas y Diego\u00a0 V\u00e9liz.<\/p>\n<p>Todos ellos ser\u00e1n acompa\u00f1ados por el cuerpo t\u00e9cnico que est\u00e1 integrado por Ricardo Far\u00edas como entrenador, Dicxon Cisternas a cargo de la preparaci\u00f3n f\u00edsica, el kinesi\u00f3logo Alex Olivarez \u00a0y Mario Gonz\u00e1lez jefe de la delegaci\u00f3n andacollina.<\/p>\n<p>&nbsp;<\/p>\n<p><strong><em>Calendario de partidos<\/em><\/strong><\/p>\n<p>&nbsp;<\/p>\n<ul>\n<li>Andacollo v\/s El Algarrobo de Vallenar: viernes 1\u00b0de febrero a las 21 hrs, en el Estadio de Papudo.<\/li>\n<\/ul>\n<p>&nbsp;<\/p>\n<ul>\n<li>Andacollo v\/s Iquique: domingo 3 de febrero a las 19 hrs, en el Estadio de Papudo.<\/li>\n<\/ul>\n<p>&nbsp;<\/p>\n<ul>\n<li>Andacollo v\/s Paine: martes 5 de febrero a las 21 hrs, en el Estadio de Papudo.<\/li>\n<\/ul>\n","protected":false},"excerpt":{"rendered":"<p>A menos de un mes para que comience el Campeonato Nacional de f\u00fatbol Sub 17, la selecci\u00f3n de nuestra comuna sigue trabajando para llegar en \u00f3ptimas condiciones a los tres partidos que disputar\u00e1 en la primera etapa. El cuerpo t\u00e9cnico ya defini\u00f3 a los 19 jugadores que conformar\u00e1n el equipo que viajar\u00e1 a Zapallar el [&hellip;]<\/p>\n","protected":false},"author":7,"featured_media":0,"comment_status":"open","ping_status":"open","sticky":false,"template":"","format":"standard","meta":{"_acf_changed":false,"footnotes":""},"categories":[1],"tags":[772,2011,33,2012],"acf":[],"aioseo_notices":[],"_links":{"self":[{"href":"https:\/\/www.andacolloconectado.cl\/index.php\/wp-json\/wp\/v2\/posts\/7579"}],"collection":[{"href":"https:\/\/www.andacolloconectado.cl\/index.php\/wp-json\/wp\/v2\/posts"}],"about":[{"href":"https:\/\/www.andacolloconectado.cl\/index.php\/wp-json\/wp\/v2\/types\/post"}],"author":[{"embeddable":true,"href":"https:\/\/www.andacolloconectado.cl\/index.php\/wp-json\/wp\/v2\/users\/7"}],"replies":[{"embeddable":true,"href":"https:\/\/www.andacolloconectado.cl\/index.php\/wp-json\/wp\/v2\/comments?post=7579"}],"version-history":[{"count":2,"href":"https:\/\/www.andacolloconectado.cl\/index.php\/wp-json\/wp\/v2\/posts\/7579\/revisions"}],"predecessor-version":[{"id":7582,"href":"https:\/\/www.andacolloconectado.cl\/index.php\/wp-json\/wp\/v2\/posts\/7579\/revisions\/7582"}],"wp:attachment":[{"href":"https:\/\/www.andacolloconectado.cl\/index.php\/wp-json\/wp\/v2\/media?parent=7579"}],"wp:term":[{"taxonomy":"category","embeddable":true,"href":"https:\/\/www.andacolloconectado.cl\/index.php\/wp-json\/wp\/v2\/categories?post=7579"},{"taxonomy":"post_tag","embeddable":true,"href":"https:\/\/www.andacolloconectado.cl\/index.php\/wp-json\/wp\/v2\/tags?post=7579"}],"curies":[{"name":"wp","href":"https:\/\/api.w.org\/{rel}","templated":true}]}}