{"id":7606,"date":"2019-01-10T18:15:19","date_gmt":"2019-01-10T18:15:19","guid":{"rendered":"http:\/\/www.andacolloconectado.cl\/?p=7606"},"modified":"2019-01-10T18:15:19","modified_gmt":"2019-01-10T18:15:19","slug":"teck-informa-sobre-traslado-de-carga-sobredimensionada-por-ruta-d-51-6","status":"publish","type":"post","link":"https:\/\/www.andacolloconectado.cl\/index.php\/teck-informa-sobre-traslado-de-carga-sobredimensionada-por-ruta-d-51-6\/","title":{"rendered":"Teck informa sobre traslado de carga sobredimensionada por Ruta D-51"},"content":{"rendered":"<p><strong>Andacollo.-<\/strong> Con el prop\u00f3sito de dar cumplimiento al lineamiento de contacto permanente con la comunidad, Teck Carmen de Andacollo informa a toda la comunidad que el viernes 11 de enero se realizar\u00e1 un traslado de carga sobredimensionada desde el sector del Manzano por la Ruta D-51 a Andacollo, el que estar\u00e1 a cargo de la empresa Rojas y Donaire<\/p>\n<p>Lo anterior, se realizar\u00e1 de acuerdo a toda la normativa legal y de seguridad establecida por la autoridad y por nuestra compa\u00f1\u00eda. Se contar\u00e1 con el apoyo de escoltas de la empresa Rojas y Donaire.<\/p>\n<p>El traslado se efectuar\u00e1 desde las 11:00 horas y contempla las respectivas detenciones en aquellos lugares considerados seguros. Por lo mismo, desde ya, se agradece la comprensi\u00f3n a todos los vecinos ante este proceso de traslado, y se avisa para que lo consideren en su rutina en caso que deban transitar por la Ruta D-51.<\/p>\n<p>A nombre la empresa Rojas y Donaire y Teck Carmen de Andacollo expresamos nuestras excusas por las incomodidades que podamos causar.<\/p>\n","protected":false},"excerpt":{"rendered":"<p>Andacollo.- Con el prop\u00f3sito de dar cumplimiento al lineamiento de contacto permanente con la comunidad, Teck Carmen de Andacollo informa a toda la comunidad que el viernes 11 de enero se realizar\u00e1 un traslado de carga sobredimensionada desde el sector del Manzano por la Ruta D-51 a Andacollo, el que estar\u00e1 a cargo de la [&hellip;]<\/p>\n","protected":false},"author":3,"featured_media":0,"comment_status":"open","ping_status":"open","sticky":false,"template":"","format":"standard","meta":{"_acf_changed":false,"footnotes":""},"categories":[1],"tags":[772,1348,752,1350],"acf":[],"aioseo_notices":[],"_links":{"self":[{"href":"https:\/\/www.andacolloconectado.cl\/index.php\/wp-json\/wp\/v2\/posts\/7606"}],"collection":[{"href":"https:\/\/www.andacolloconectado.cl\/index.php\/wp-json\/wp\/v2\/posts"}],"about":[{"href":"https:\/\/www.andacolloconectado.cl\/index.php\/wp-json\/wp\/v2\/types\/post"}],"author":[{"embeddable":true,"href":"https:\/\/www.andacolloconectado.cl\/index.php\/wp-json\/wp\/v2\/users\/3"}],"replies":[{"embeddable":true,"href":"https:\/\/www.andacolloconectado.cl\/index.php\/wp-json\/wp\/v2\/comments?post=7606"}],"version-history":[{"count":2,"href":"https:\/\/www.andacolloconectado.cl\/index.php\/wp-json\/wp\/v2\/posts\/7606\/revisions"}],"predecessor-version":[{"id":7609,"href":"https:\/\/www.andacolloconectado.cl\/index.php\/wp-json\/wp\/v2\/posts\/7606\/revisions\/7609"}],"wp:attachment":[{"href":"https:\/\/www.andacolloconectado.cl\/index.php\/wp-json\/wp\/v2\/media?parent=7606"}],"wp:term":[{"taxonomy":"category","embeddable":true,"href":"https:\/\/www.andacolloconectado.cl\/index.php\/wp-json\/wp\/v2\/categories?post=7606"},{"taxonomy":"post_tag","embeddable":true,"href":"https:\/\/www.andacolloconectado.cl\/index.php\/wp-json\/wp\/v2\/tags?post=7606"}],"curies":[{"name":"wp","href":"https:\/\/api.w.org\/{rel}","templated":true}]}}