{"id":7826,"date":"2019-02-22T16:02:35","date_gmt":"2019-02-22T16:02:35","guid":{"rendered":"http:\/\/www.andacolloconectado.cl\/?p=7826"},"modified":"2019-02-22T16:02:35","modified_gmt":"2019-02-22T16:02:35","slug":"familia-andacollina-trabaja-para-recuperar-un-espacio-verde-para-la-comuna","status":"publish","type":"post","link":"https:\/\/www.andacolloconectado.cl\/index.php\/familia-andacollina-trabaja-para-recuperar-un-espacio-verde-para-la-comuna\/","title":{"rendered":"Familia andacollina trabaja para recuperar un espacio verde para la comuna"},"content":{"rendered":"<p>Jeremic Rojas es un joven emprendedor andacollino, que hoy junto a su familia est\u00e1n implementando en el sector de Caletones Alto un espacio campestre para preservarlo como un pulm\u00f3n verde para nuestra comuna.<\/p>\n<p>Este microempresario que trabaja en la instalaci\u00f3n de aire acondicionado est\u00e1 dando los primeros pasos para que este recinto se convierta en un camping establecido formalmente.<\/p>\n<p>El lugar conocido tambi\u00e9n como \u201cCuchumingo\u201d es un huerto de antigua data, pues perteneci\u00f3 a las familias Oyarz\u00fan y a don F\u00e9lix Milla, por eso tiene \u00e1rboles frutales desde tiempos inmemoriales y que han acompa\u00f1ado los juegos de varias generaciones que sal\u00edan a recorrer estos sectores aleda\u00f1os a nuestra comuna.<\/p>\n<p>\u201cEs una iniciativa m\u00eda y de mi familia para recuperar los lugares de Andacollo que estaban perdidos y darles un nuevo uso a los espacios al aire libre, para que las personas puedan venir y recuerden su ni\u00f1ez\u201d, se\u00f1al\u00f3 Rojas.<\/p>\n<p>Por el momento, se ha implementado el lugar con sillas, mesas, quinchos, servicios higi\u00e9nicos y una piscina para que las familias andacollinas disfruten de la naturaleza del sector y capeen las altas temperaturas veraniegas.<\/p>\n<p>Adem\u00e1s, Jeremic quiere fomentar el cuidado del medioambiente, pues cuenta con contenedores de basura diferenciados para dar un manejo correcto a los deshechos a trav\u00e9s del reciclaje.<\/p>\n<p>Actualmente, el lugar puede ser visitado de lunes a domingo a partir de las 10 de la ma\u00f1ana.<\/p>\n","protected":false},"excerpt":{"rendered":"<p>Jeremic Rojas es un joven emprendedor andacollino, que hoy junto a su familia est\u00e1n implementando en el sector de Caletones Alto un espacio campestre para preservarlo como un pulm\u00f3n verde para nuestra comuna. Este microempresario que trabaja en la instalaci\u00f3n de aire acondicionado est\u00e1 dando los primeros pasos para que este recinto se convierta en [&hellip;]<\/p>\n","protected":false},"author":7,"featured_media":0,"comment_status":"open","ping_status":"open","sticky":false,"template":"","format":"standard","meta":{"_acf_changed":false,"footnotes":""},"categories":[1],"tags":[772,2084],"acf":[],"aioseo_notices":[],"_links":{"self":[{"href":"https:\/\/www.andacolloconectado.cl\/index.php\/wp-json\/wp\/v2\/posts\/7826"}],"collection":[{"href":"https:\/\/www.andacolloconectado.cl\/index.php\/wp-json\/wp\/v2\/posts"}],"about":[{"href":"https:\/\/www.andacolloconectado.cl\/index.php\/wp-json\/wp\/v2\/types\/post"}],"author":[{"embeddable":true,"href":"https:\/\/www.andacolloconectado.cl\/index.php\/wp-json\/wp\/v2\/users\/7"}],"replies":[{"embeddable":true,"href":"https:\/\/www.andacolloconectado.cl\/index.php\/wp-json\/wp\/v2\/comments?post=7826"}],"version-history":[{"count":2,"href":"https:\/\/www.andacolloconectado.cl\/index.php\/wp-json\/wp\/v2\/posts\/7826\/revisions"}],"predecessor-version":[{"id":7829,"href":"https:\/\/www.andacolloconectado.cl\/index.php\/wp-json\/wp\/v2\/posts\/7826\/revisions\/7829"}],"wp:attachment":[{"href":"https:\/\/www.andacolloconectado.cl\/index.php\/wp-json\/wp\/v2\/media?parent=7826"}],"wp:term":[{"taxonomy":"category","embeddable":true,"href":"https:\/\/www.andacolloconectado.cl\/index.php\/wp-json\/wp\/v2\/categories?post=7826"},{"taxonomy":"post_tag","embeddable":true,"href":"https:\/\/www.andacolloconectado.cl\/index.php\/wp-json\/wp\/v2\/tags?post=7826"}],"curies":[{"name":"wp","href":"https:\/\/api.w.org\/{rel}","templated":true}]}}