{"id":7942,"date":"2019-03-15T13:13:34","date_gmt":"2019-03-15T13:13:34","guid":{"rendered":"http:\/\/www.andacolloconectado.cl\/?p=7942"},"modified":"2019-03-15T13:13:34","modified_gmt":"2019-03-15T13:13:34","slug":"matrimonio-andacollino-da-vida-al-antiguo-sector-rural-de-la-chepica","status":"publish","type":"post","link":"https:\/\/www.andacolloconectado.cl\/index.php\/matrimonio-andacollino-da-vida-al-antiguo-sector-rural-de-la-chepica\/","title":{"rendered":"Matrimonio andacollino da vida al antiguo sector rural de La Ch\u00e9pica"},"content":{"rendered":"<p><span style=\"font-weight: 400;\">Don Erasmo Past\u00e9n junto a su esposa Rosa V\u00e9liz, hace m\u00e1s de 20 a\u00f1os decidieron recuperar una antigua pertenencia rural que hab\u00eda estado en su \u00a0familia materna desde mediados del 1800.<\/span><\/p>\n<p><span style=\"font-weight: 400;\">Es as\u00ed, como en 1998 llegaron a vivir a La Ch\u00e9pica, lugar que colinda con Tablelume, El Limar y Los Negritos. Con mucho esfuerzo, Don Erasmo y do\u00f1a Rosa lograron dar vida al sector a trav\u00e9s de la recuperaci\u00f3n de aguas, lo que ha permitido que los cultivos florezcan y los animales crezcan.<\/span><\/p>\n<p><span style=\"font-weight: 400;\">En su huerto hay \u00e1rboles frutales como, granados, duraznos, vides, olivos, limones y hierbas medicinales, adem\u00e1s de un sembrad\u00edo de alfalfa con la que alimenta a las 80 cabras que tienen actualmente.<\/span><\/p>\n<p><span style=\"font-weight: 400;\">Las ra\u00edces de este hermoso lugar se remontan entre los a\u00f1os 1850 a 1900, pues el abuelo de don Erasmo form\u00f3 su familia en La Ch\u00e9pica, varios de sus t\u00edos nacieron en la d\u00e9cada del 1890 y \u00a0su madre en 1903. <\/span><\/p>\n<p><span style=\"font-weight: 400;\">Durante la primera mitad del 1900 la poblaci\u00f3n de habitantes era muy numerosa en el sector y en los caser\u00edos colindantes, que incluso llev\u00f3 a la creaci\u00f3n de una escuelita para los ni\u00f1os en la d\u00e9cada de 1960, que fue levantada con ayuda de los vecinos, incluyendo la participaci\u00f3n de don Erasmo.<\/span><\/p>\n<p><span style=\"font-weight: 400;\">Este andacollino pas\u00f3 su infancia entre estos cerros y quebradas, recuerda sus \u00a0juegos y traslados a \u201cpie pelado\u201d a Andacollo para ir a clases a la Escuela de Ni\u00f1os N\u00b01, por eso con el pasar de los a\u00f1os fue un anhelo de \u00e9l volver a la tranquilidad que ofrece la vida del campo.<\/span><\/p>\n<p><span style=\"font-weight: 400;\">Para don Erasmo y su esposa Rosa, lo que han logrado levantar durante estos a\u00f1os es lo m\u00e1s preciado, su sue\u00f1o es que perdure como est\u00e1 actualmente y que las futuras generaciones de su familia cuiden y conserven este pulm\u00f3n verde. <\/span><\/p>\n","protected":false},"excerpt":{"rendered":"<p>Don Erasmo Past\u00e9n junto a su esposa Rosa V\u00e9liz, hace m\u00e1s de 20 a\u00f1os decidieron recuperar una antigua pertenencia rural que hab\u00eda estado en su \u00a0familia materna desde mediados del 1800. Es as\u00ed, como en 1998 llegaron a vivir a La Ch\u00e9pica, lugar que colinda con Tablelume, El Limar y Los Negritos. Con mucho esfuerzo, [&hellip;]<\/p>\n","protected":false},"author":3,"featured_media":0,"comment_status":"open","ping_status":"open","sticky":false,"template":"","format":"standard","meta":{"_acf_changed":false,"footnotes":""},"categories":[1],"tags":[772,2117,2115,2118,2116],"acf":[],"aioseo_notices":[],"_links":{"self":[{"href":"https:\/\/www.andacolloconectado.cl\/index.php\/wp-json\/wp\/v2\/posts\/7942"}],"collection":[{"href":"https:\/\/www.andacolloconectado.cl\/index.php\/wp-json\/wp\/v2\/posts"}],"about":[{"href":"https:\/\/www.andacolloconectado.cl\/index.php\/wp-json\/wp\/v2\/types\/post"}],"author":[{"embeddable":true,"href":"https:\/\/www.andacolloconectado.cl\/index.php\/wp-json\/wp\/v2\/users\/3"}],"replies":[{"embeddable":true,"href":"https:\/\/www.andacolloconectado.cl\/index.php\/wp-json\/wp\/v2\/comments?post=7942"}],"version-history":[{"count":1,"href":"https:\/\/www.andacolloconectado.cl\/index.php\/wp-json\/wp\/v2\/posts\/7942\/revisions"}],"predecessor-version":[{"id":7944,"href":"https:\/\/www.andacolloconectado.cl\/index.php\/wp-json\/wp\/v2\/posts\/7942\/revisions\/7944"}],"wp:attachment":[{"href":"https:\/\/www.andacolloconectado.cl\/index.php\/wp-json\/wp\/v2\/media?parent=7942"}],"wp:term":[{"taxonomy":"category","embeddable":true,"href":"https:\/\/www.andacolloconectado.cl\/index.php\/wp-json\/wp\/v2\/categories?post=7942"},{"taxonomy":"post_tag","embeddable":true,"href":"https:\/\/www.andacolloconectado.cl\/index.php\/wp-json\/wp\/v2\/tags?post=7942"}],"curies":[{"name":"wp","href":"https:\/\/api.w.org\/{rel}","templated":true}]}}