{"id":8060,"date":"2019-04-04T19:58:01","date_gmt":"2019-04-04T19:58:01","guid":{"rendered":"http:\/\/www.andacolloconectado.cl\/?p=8060"},"modified":"2019-04-04T19:58:01","modified_gmt":"2019-04-04T19:58:01","slug":"comunidades-rurales-andacollinas-sesionan-para-plantear-sus-inquietudes-al-municipio","status":"publish","type":"post","link":"https:\/\/www.andacolloconectado.cl\/index.php\/comunidades-rurales-andacollinas-sesionan-para-plantear-sus-inquietudes-al-municipio\/","title":{"rendered":"Comunidades rurales andacollinas sesionan para plantear sus inquietudes al Municipio"},"content":{"rendered":"<p><strong><\/strong><span style=\"font-weight: 400;\">El pasado mi\u00e9rcoles 3 de abril, en el Sal\u00f3n Alberto Hurtado del Municipio local se desarroll\u00f3 la tercera sesi\u00f3n de la Mesa Rural Campesina en la que participan dirigentes de las comunidades rurales, autoridades y representantes de instituciones p\u00fablicas y privadas.<\/span><\/p>\n<p><span style=\"font-weight: 400;\">Estas reuniones se realizan de forma permanente el primer mi\u00e9rcoles de cada mes y constituyen una instancia de di\u00e1logo entre los representantes de los sectores con las autoridades comunales y regionales.<\/span><\/p>\n<p><span style=\"font-weight: 400;\">El encargado de la Oficina de Desarrollo Econ\u00f3mico Local de Andacollo, Patricio Segovia, explic\u00f3 que esta metodolog\u00eda de trabajo permite a los vecinos de los poblados rurales plantear sus necesidades, inquietudes o problemas. As\u00ed se gestionan con los departamentos municipales respectivos o con las instituciones una soluci\u00f3n al requerimiento solicitado.<\/span><\/p>\n<p><span style=\"font-weight: 400;\">Segovia, a\u00f1adi\u00f3 que en muchas ocasiones se invita al profesional o \u00a0representante a la reuni\u00f3n para que responda directamente a los dirigentes todas las consultas o brinde asesor\u00eda en determinados temas como la postulaci\u00f3n a fondos concursables y subsidios.<\/span><\/p>\n<p><span style=\"font-weight: 400;\">Carolina Osorio, presidenta de la Junta de Vecinos de Maitencillo, destac\u00f3 que el funcionamiento de la mesa rural es muy positiva puesto \u201cque es una forma de ser escuchados, de dar a conocer los problemas de las zonas rurales, adem\u00e1s de ser un recordatorio para ir solucionando los problemas que quedan en carpeta, porque es muy importante la ayuda que pueda gestionar el Alcalde\u201d.<\/span><\/p>\n<p><span style=\"font-weight: 400;\">En esta ocasi\u00f3n, asisti\u00f3 como invitado a la reuni\u00f3n Pedro C\u00e1ceres, representante de Compa\u00f1\u00eda Teck CDA, que entreg\u00f3 informaci\u00f3n acerca del proceso de postulaci\u00f3n y de requisitos para los pr\u00f3ximos fondos concursables CAT (Comunidad Andacollina Teck).<\/span><\/p>\n","protected":false},"excerpt":{"rendered":"<p>El pasado mi\u00e9rcoles 3 de abril, en el Sal\u00f3n Alberto Hurtado del Municipio local se desarroll\u00f3 la tercera sesi\u00f3n de la Mesa Rural Campesina en la que participan dirigentes de las comunidades rurales, autoridades y representantes de instituciones p\u00fablicas y privadas. Estas reuniones se realizan de forma permanente el primer mi\u00e9rcoles de cada mes y [&hellip;]<\/p>\n","protected":false},"author":3,"featured_media":0,"comment_status":"open","ping_status":"open","sticky":false,"template":"","format":"standard","meta":{"_acf_changed":false,"footnotes":""},"categories":[1],"tags":[2173,2174,267,2175],"acf":[],"aioseo_notices":[],"_links":{"self":[{"href":"https:\/\/www.andacolloconectado.cl\/index.php\/wp-json\/wp\/v2\/posts\/8060"}],"collection":[{"href":"https:\/\/www.andacolloconectado.cl\/index.php\/wp-json\/wp\/v2\/posts"}],"about":[{"href":"https:\/\/www.andacolloconectado.cl\/index.php\/wp-json\/wp\/v2\/types\/post"}],"author":[{"embeddable":true,"href":"https:\/\/www.andacolloconectado.cl\/index.php\/wp-json\/wp\/v2\/users\/3"}],"replies":[{"embeddable":true,"href":"https:\/\/www.andacolloconectado.cl\/index.php\/wp-json\/wp\/v2\/comments?post=8060"}],"version-history":[{"count":2,"href":"https:\/\/www.andacolloconectado.cl\/index.php\/wp-json\/wp\/v2\/posts\/8060\/revisions"}],"predecessor-version":[{"id":8063,"href":"https:\/\/www.andacolloconectado.cl\/index.php\/wp-json\/wp\/v2\/posts\/8060\/revisions\/8063"}],"wp:attachment":[{"href":"https:\/\/www.andacolloconectado.cl\/index.php\/wp-json\/wp\/v2\/media?parent=8060"}],"wp:term":[{"taxonomy":"category","embeddable":true,"href":"https:\/\/www.andacolloconectado.cl\/index.php\/wp-json\/wp\/v2\/categories?post=8060"},{"taxonomy":"post_tag","embeddable":true,"href":"https:\/\/www.andacolloconectado.cl\/index.php\/wp-json\/wp\/v2\/tags?post=8060"}],"curies":[{"name":"wp","href":"https:\/\/api.w.org\/{rel}","templated":true}]}}