{"id":8073,"date":"2019-04-08T17:01:46","date_gmt":"2019-04-08T17:01:46","guid":{"rendered":"http:\/\/www.andacolloconectado.cl\/?p=8073"},"modified":"2019-04-08T17:01:46","modified_gmt":"2019-04-08T17:01:46","slug":"comunidad-educativa-del-jardin-soles-de-oro-culmino-con-exito-talleres-de-reiki","status":"publish","type":"post","link":"https:\/\/www.andacolloconectado.cl\/index.php\/comunidad-educativa-del-jardin-soles-de-oro-culmino-con-exito-talleres-de-reiki\/","title":{"rendered":"Comunidad educativa del Jard\u00edn Soles de Oro culmin\u00f3 con \u00e9xito talleres de Reiki"},"content":{"rendered":"<p><span style=\"font-weight: 400;\">El jueves pasado en dependencias del Gimnasio Municipal se llev\u00f3 a cabo la ceremonia de cierre del proyecto \u00abDespertando la energ\u00eda del Amor con Reiki\u00bb, desarrollado en la Sala Cuna y Jard\u00edn Infantil Soles de Oro del sector El Curque. Iniciativa financiada a trav\u00e9s de los Fondos CAT (Comunidad Andacollina Teck) 2018.<\/span><\/p>\n<p><span style=\"font-weight: 400;\">Estos talleres comenzaron en septiembre del a\u00f1o pasado y consistieron en ense\u00f1ar las t\u00e9cnicas del Reiki a los ni\u00f1os, ni\u00f1as, educadoras, personal de apoyo y administrativo del Jard\u00edn, adem\u00e1s de incluir a los abuelitos del Club de Adulto Mayor de El Curque.<\/span><\/p>\n<p><span style=\"font-weight: 400;\">Cecilia Plaza, asistente social del establecimiento, calific\u00f3 como muy enriquecedora la experiencia y explic\u00f3 que \u201cen total fueron 33 ni\u00f1os y sus familias que trabajaron con una maestra de Reiki que les ense\u00f1\u00f3 a despertar las energ\u00edas del amor, para que aprendan a respetar a los animales, entre ellos mismos, a las plantas y para saber que nosotros tenemos esa energ\u00eda de sanarnos\u201d.<\/span><\/p>\n<p><span style=\"font-weight: 400;\">Por su parte, la maestra andacollina de Reiki, Mar\u00eda Alejandra Galleguillo se\u00f1al\u00f3 que \u201ccreo que es la primera vez que se hace a nivel nacional de ense\u00f1arle a ni\u00f1os tan peque\u00f1os en este momento hay ni\u00f1os de 2 a\u00f1os que est\u00e1n haciendo Reiki. <\/span><\/p>\n<p><span style=\"font-weight: 400;\">Toda la experiencia fue preciosa estoy s\u00faper agradecida de todos, especialmente de las t\u00edas porque me acogieron, hicimos grandes lazos y espero que las t\u00edas, como ya aprendieron harto, van a seguir encaminando lo que yo inici\u00e9\u201d, finaliza Galleguillo.<\/span><\/p>\n","protected":false},"excerpt":{"rendered":"<p>El jueves pasado en dependencias del Gimnasio Municipal se llev\u00f3 a cabo la ceremonia de cierre del proyecto \u00abDespertando la energ\u00eda del Amor con Reiki\u00bb, desarrollado en la Sala Cuna y Jard\u00edn Infantil Soles de Oro del sector El Curque. Iniciativa financiada a trav\u00e9s de los Fondos CAT (Comunidad Andacollina Teck) 2018. Estos talleres comenzaron [&hellip;]<\/p>\n","protected":false},"author":3,"featured_media":0,"comment_status":"open","ping_status":"open","sticky":false,"template":"","format":"standard","meta":{"_acf_changed":false,"footnotes":""},"categories":[1],"tags":[772,303,998,2179],"acf":[],"aioseo_notices":[],"_links":{"self":[{"href":"https:\/\/www.andacolloconectado.cl\/index.php\/wp-json\/wp\/v2\/posts\/8073"}],"collection":[{"href":"https:\/\/www.andacolloconectado.cl\/index.php\/wp-json\/wp\/v2\/posts"}],"about":[{"href":"https:\/\/www.andacolloconectado.cl\/index.php\/wp-json\/wp\/v2\/types\/post"}],"author":[{"embeddable":true,"href":"https:\/\/www.andacolloconectado.cl\/index.php\/wp-json\/wp\/v2\/users\/3"}],"replies":[{"embeddable":true,"href":"https:\/\/www.andacolloconectado.cl\/index.php\/wp-json\/wp\/v2\/comments?post=8073"}],"version-history":[{"count":2,"href":"https:\/\/www.andacolloconectado.cl\/index.php\/wp-json\/wp\/v2\/posts\/8073\/revisions"}],"predecessor-version":[{"id":8076,"href":"https:\/\/www.andacolloconectado.cl\/index.php\/wp-json\/wp\/v2\/posts\/8073\/revisions\/8076"}],"wp:attachment":[{"href":"https:\/\/www.andacolloconectado.cl\/index.php\/wp-json\/wp\/v2\/media?parent=8073"}],"wp:term":[{"taxonomy":"category","embeddable":true,"href":"https:\/\/www.andacolloconectado.cl\/index.php\/wp-json\/wp\/v2\/categories?post=8073"},{"taxonomy":"post_tag","embeddable":true,"href":"https:\/\/www.andacolloconectado.cl\/index.php\/wp-json\/wp\/v2\/tags?post=8073"}],"curies":[{"name":"wp","href":"https:\/\/api.w.org\/{rel}","templated":true}]}}