{"id":8077,"date":"2019-04-08T19:11:21","date_gmt":"2019-04-08T19:11:21","guid":{"rendered":"http:\/\/www.andacolloconectado.cl\/?p=8077"},"modified":"2019-04-08T19:11:21","modified_gmt":"2019-04-08T19:11:21","slug":"estudiantes-andacollinos-participaron-del-dia-mundial-de-la-actividad-fisica","status":"publish","type":"post","link":"https:\/\/www.andacolloconectado.cl\/index.php\/estudiantes-andacollinos-participaron-del-dia-mundial-de-la-actividad-fisica\/","title":{"rendered":"Estudiantes andacollinos participaron del D\u00eda Mundial de la actividad f\u00edsica"},"content":{"rendered":"<p><span style=\"font-weight: 400;\">El viernes pasado la Municipalidad de Andacollo a trav\u00e9s de su Oficina de Deportes realiz\u00f3 m\u00e1s de 2 horas de actividades f\u00edsicas en el Estadio Wilfredo Gonz\u00e1lez Zeballos, donde se combinaron ejercicios f\u00edsicos, actividades coordinativas para los m\u00e1s peque\u00f1os y diferentes circuitos con los deportes m\u00e1s conocidos como: f\u00fatbol, tenis, voleibol o crossfit, con un solo objetivo, realizar actividad f\u00edsica.<\/span><\/p>\n<p><span style=\"font-weight: 400;\">Hasta el principal recinto deportivo de nuestra comuna llegaron para participar alumnos de diversos establecimientos educativos: Escuela Luis Cruz Mart\u00ednez, Colegio Parroquial de Andacollo, Escuela San Lorenzo y Colegio Nuestra Se\u00f1ora del Rosario.<\/span><\/p>\n<p><span style=\"font-weight: 400;\">Los estudiantes realizaron circuitos con m\u00faltiples actividades f\u00edsicas, adem\u00e1s se puso a su disposici\u00f3n varios stands con hidrataci\u00f3n, frutas y colaciones saludables.<\/span><\/p>\n<p><span style=\"font-weight: 400;\">El Alcalde, Juan Carlos Alfaro, se\u00f1al\u00f3 que como Municipio apuestan a la promoci\u00f3n y fortalecimiento de la actividad f\u00edsica para toda la comunidad andacollina, puesto que \u201cla educaci\u00f3n f\u00edsica, el deporte y la recreaci\u00f3n, son muy importantes en el desarrollo integral de los ni\u00f1os y j\u00f3venes, y por otra parte ayuda a la calidad de vida de los adultos mayores. Por lo tanto, estamos permanentemente incentivando a las ni\u00f1os, \u00a0j\u00f3venes y familias a hacer deporte\u201d.<\/span><\/p>\n<p><span style=\"font-weight: 400;\">Finalmente, Alfaro tambi\u00e9n coment\u00f3 que hay 3 importantes proyectos relacionados al deporte: la construcci\u00f3n del techado del Colegio Nta. Sra del Rosario, el dise\u00f1o del complejo deportivo en Las Catanas y seguir con la segunda etapa del Estadio Municipal, de esta manera se buscan crear nuevos espacios para que todos los andacollinos puedan realizar alguna actividad f\u00edsica o deporte.<\/span><\/p>\n","protected":false},"excerpt":{"rendered":"<p>El viernes pasado la Municipalidad de Andacollo a trav\u00e9s de su Oficina de Deportes realiz\u00f3 m\u00e1s de 2 horas de actividades f\u00edsicas en el Estadio Wilfredo Gonz\u00e1lez Zeballos, donde se combinaron ejercicios f\u00edsicos, actividades coordinativas para los m\u00e1s peque\u00f1os y diferentes circuitos con los deportes m\u00e1s conocidos como: f\u00fatbol, tenis, voleibol o crossfit, con un [&hellip;]<\/p>\n","protected":false},"author":3,"featured_media":0,"comment_status":"open","ping_status":"open","sticky":false,"template":"","format":"standard","meta":{"_acf_changed":false,"footnotes":""},"categories":[1],"tags":[772,358,1738,1828],"acf":[],"aioseo_notices":[],"_links":{"self":[{"href":"https:\/\/www.andacolloconectado.cl\/index.php\/wp-json\/wp\/v2\/posts\/8077"}],"collection":[{"href":"https:\/\/www.andacolloconectado.cl\/index.php\/wp-json\/wp\/v2\/posts"}],"about":[{"href":"https:\/\/www.andacolloconectado.cl\/index.php\/wp-json\/wp\/v2\/types\/post"}],"author":[{"embeddable":true,"href":"https:\/\/www.andacolloconectado.cl\/index.php\/wp-json\/wp\/v2\/users\/3"}],"replies":[{"embeddable":true,"href":"https:\/\/www.andacolloconectado.cl\/index.php\/wp-json\/wp\/v2\/comments?post=8077"}],"version-history":[{"count":2,"href":"https:\/\/www.andacolloconectado.cl\/index.php\/wp-json\/wp\/v2\/posts\/8077\/revisions"}],"predecessor-version":[{"id":8080,"href":"https:\/\/www.andacolloconectado.cl\/index.php\/wp-json\/wp\/v2\/posts\/8077\/revisions\/8080"}],"wp:attachment":[{"href":"https:\/\/www.andacolloconectado.cl\/index.php\/wp-json\/wp\/v2\/media?parent=8077"}],"wp:term":[{"taxonomy":"category","embeddable":true,"href":"https:\/\/www.andacolloconectado.cl\/index.php\/wp-json\/wp\/v2\/categories?post=8077"},{"taxonomy":"post_tag","embeddable":true,"href":"https:\/\/www.andacolloconectado.cl\/index.php\/wp-json\/wp\/v2\/tags?post=8077"}],"curies":[{"name":"wp","href":"https:\/\/api.w.org\/{rel}","templated":true}]}}