{"id":8346,"date":"2019-05-27T22:15:09","date_gmt":"2019-05-27T22:15:09","guid":{"rendered":"http:\/\/www.andacolloconectado.cl\/?p=8346"},"modified":"2019-05-27T22:15:09","modified_gmt":"2019-05-27T22:15:09","slug":"jardin-pepitas-de-oro-festejo-el-dia-de-la-familia","status":"publish","type":"post","link":"https:\/\/www.andacolloconectado.cl\/index.php\/jardin-pepitas-de-oro-festejo-el-dia-de-la-familia\/","title":{"rendered":"Jard\u00edn \u201cPepitas de Oro\u201d festej\u00f3 el D\u00eda de la Familia"},"content":{"rendered":"<p style=\"text-align: justify;\">Durante\u00a0 la\u00a0\u00a0 semana pasada la comunidad educativa del jard\u00edn de p\u00e1rvulos \u201cPepitas de Oro\u201d\u00a0 realiz\u00f3 una actividad art\u00edstica cultural\u00a0 para\u00a0 celebrar el D\u00eda de la Familia, que consisti\u00f3 en la presentaci\u00f3n de un show de los peque\u00f1os para sus mam\u00e1s y pap\u00e1s.<\/p>\n<p style=\"text-align: justify;\">Este\u00a0 centro\u00a0 educativo, que depende de la Fundaci\u00f3n Integra, actualmente tiene una matr\u00edcula de 102 ni\u00f1os, que\u00a0 son\u00a0 atendidos por las educadoras divididos en cinco\u00a0 niveles.<\/p>\n<p style=\"text-align: justify;\">En la ocasi\u00f3n fueron distinguidas cinco familias, como una manera de destacar y\u00a0 reconocer su\u00a0 rol. Maritzabel Barraza, Directora del Jard\u00edn, se\u00f1al\u00f3\u00a0 que \u201choy tenemos el pacer de celebrar junto a\u00a0 todas nuestras familias, que son 102 el D\u00eda de la\u00a0 Familia, porque para\u00a0 nosotros\u00a0 es un apoyo fundamental la participaci\u00f3n de ellas durante el procesos educativo y\u00a0 el desarrollo\u00a0 de sus hijas e hijos\u201d.<\/p>\n","protected":false},"excerpt":{"rendered":"<p>Durante\u00a0 la\u00a0\u00a0 semana pasada la comunidad educativa del jard\u00edn de p\u00e1rvulos \u201cPepitas de Oro\u201d\u00a0 realiz\u00f3 una actividad art\u00edstica cultural\u00a0 para\u00a0 celebrar el D\u00eda de la Familia, que consisti\u00f3 en la presentaci\u00f3n de un show de los peque\u00f1os para sus mam\u00e1s y pap\u00e1s. Este\u00a0 centro\u00a0 educativo, que depende de la Fundaci\u00f3n Integra, actualmente tiene una matr\u00edcula [&hellip;]<\/p>\n","protected":false},"author":3,"featured_media":0,"comment_status":"open","ping_status":"open","sticky":false,"template":"","format":"standard","meta":{"_acf_changed":false,"footnotes":""},"categories":[1],"tags":[2246,772,2256,2278,258],"acf":[],"aioseo_notices":[],"_links":{"self":[{"href":"https:\/\/www.andacolloconectado.cl\/index.php\/wp-json\/wp\/v2\/posts\/8346"}],"collection":[{"href":"https:\/\/www.andacolloconectado.cl\/index.php\/wp-json\/wp\/v2\/posts"}],"about":[{"href":"https:\/\/www.andacolloconectado.cl\/index.php\/wp-json\/wp\/v2\/types\/post"}],"author":[{"embeddable":true,"href":"https:\/\/www.andacolloconectado.cl\/index.php\/wp-json\/wp\/v2\/users\/3"}],"replies":[{"embeddable":true,"href":"https:\/\/www.andacolloconectado.cl\/index.php\/wp-json\/wp\/v2\/comments?post=8346"}],"version-history":[{"count":2,"href":"https:\/\/www.andacolloconectado.cl\/index.php\/wp-json\/wp\/v2\/posts\/8346\/revisions"}],"predecessor-version":[{"id":8349,"href":"https:\/\/www.andacolloconectado.cl\/index.php\/wp-json\/wp\/v2\/posts\/8346\/revisions\/8349"}],"wp:attachment":[{"href":"https:\/\/www.andacolloconectado.cl\/index.php\/wp-json\/wp\/v2\/media?parent=8346"}],"wp:term":[{"taxonomy":"category","embeddable":true,"href":"https:\/\/www.andacolloconectado.cl\/index.php\/wp-json\/wp\/v2\/categories?post=8346"},{"taxonomy":"post_tag","embeddable":true,"href":"https:\/\/www.andacolloconectado.cl\/index.php\/wp-json\/wp\/v2\/tags?post=8346"}],"curies":[{"name":"wp","href":"https:\/\/api.w.org\/{rel}","templated":true}]}}