{"id":8360,"date":"2019-05-28T21:34:16","date_gmt":"2019-05-28T21:34:16","guid":{"rendered":"http:\/\/www.andacolloconectado.cl\/?p=8360"},"modified":"2019-05-28T21:34:16","modified_gmt":"2019-05-28T21:34:16","slug":"andacollinos-participaron-con-entusiasmo-en-la-conmemoracion-del-dia-del-patrimonio-cultural","status":"publish","type":"post","link":"https:\/\/www.andacolloconectado.cl\/index.php\/andacollinos-participaron-con-entusiasmo-en-la-conmemoracion-del-dia-del-patrimonio-cultural\/","title":{"rendered":"Andacollinos participaron con entusiasmo en la conmemoraci\u00f3n del D\u00eda del Patrimonio Cultural"},"content":{"rendered":"<p style=\"text-align: justify;\">El domingo 26 de mayo, nuestra comuna celebr\u00f3 el \u201cD\u00eda del Patrimonio Cultural de Chile\u201d en el frontis de la Casa del Encuentro Ciudadano, donde se efectu\u00f3 la feria costumbrista y una muestra art\u00edstica organizada por la municipalidad andacollina para adherirse a las conmemoraciones que se efect\u00faan a nivel nacional.<\/p>\n<p style=\"text-align: justify;\">Esta instancia se realiza en todo el pa\u00eds desde el a\u00f1o 2000, cuando se instituy\u00f3 el \u00faltimo domingo del mes de mayo como una jornada cuyo objetivo es realizar un d\u00eda festivo y de reflexi\u00f3n sobre los valores, el rol y el significado de nuestra herencia cultural.<\/p>\n<p style=\"text-align: justify;\">Las actividades fueron organizadas por el Departamento de Cultura y contemplaron la participaci\u00f3n de artesanos y expositores locales, que expusieron sus diversos trabajos manuales y la fabricaci\u00f3n de productos t\u00edpicos, en la Feria Costumbrista.<\/p>\n<p style=\"text-align: justify;\">En el show desarrollado en el escenario principal, se presentaron Los Pecaminosos con su repertorio de \u201ccueca chora\u201d y el destacado cantautor nacional Eduardo Gatti, quien se\u00f1al\u00f3 que \u201cme sent\u00ed muy bien, ya que la gente fue muy cari\u00f1osa. Fue una experiencia bonita por la cercan\u00eda, nos vamos muy contentos con mi hijo que me acompa\u00f1\u00f3\u201d.<\/p>\n<p style=\"text-align: justify;\">Tambi\u00e9n por tercer a\u00f1o consecutivo se prepar\u00f3 \u201cuna carraca\u201d como una forma de rescatar el patrimonio gastron\u00f3mico de la comuna, ya que era un plato t\u00edpico que los pirquineros com\u00edan en el tiempo del auge de la peque\u00f1a miner\u00eda en Andacollo.<\/p>\n<p style=\"text-align: justify;\">Finalmente, el alcalde Juan Carlos Alfaro se mostr\u00f3 muy satisfecho con la participaci\u00f3n de los andacollinos en las actividades organizadas, a su vez destac\u00f3 el inter\u00e9s y respeto del p\u00fablico por las presentaciones musicales, las muestras gastron\u00f3micas y el arte andacollino porque es una forma de valorar y preservar nuestro patrimonio cultural local.<\/p>\n","protected":false},"excerpt":{"rendered":"<p>El domingo 26 de mayo, nuestra comuna celebr\u00f3 el \u201cD\u00eda del Patrimonio Cultural de Chile\u201d en el frontis de la Casa del Encuentro Ciudadano, donde se efectu\u00f3 la feria costumbrista y una muestra art\u00edstica organizada por la municipalidad andacollina para adherirse a las conmemoraciones que se efect\u00faan a nivel nacional. Esta instancia se realiza en [&hellip;]<\/p>\n","protected":false},"author":3,"featured_media":0,"comment_status":"open","ping_status":"open","sticky":false,"template":"","format":"standard","meta":{"_acf_changed":false,"footnotes":""},"categories":[1],"tags":[772,2281,136,2280,258],"acf":[],"aioseo_notices":[],"_links":{"self":[{"href":"https:\/\/www.andacolloconectado.cl\/index.php\/wp-json\/wp\/v2\/posts\/8360"}],"collection":[{"href":"https:\/\/www.andacolloconectado.cl\/index.php\/wp-json\/wp\/v2\/posts"}],"about":[{"href":"https:\/\/www.andacolloconectado.cl\/index.php\/wp-json\/wp\/v2\/types\/post"}],"author":[{"embeddable":true,"href":"https:\/\/www.andacolloconectado.cl\/index.php\/wp-json\/wp\/v2\/users\/3"}],"replies":[{"embeddable":true,"href":"https:\/\/www.andacolloconectado.cl\/index.php\/wp-json\/wp\/v2\/comments?post=8360"}],"version-history":[{"count":2,"href":"https:\/\/www.andacolloconectado.cl\/index.php\/wp-json\/wp\/v2\/posts\/8360\/revisions"}],"predecessor-version":[{"id":8369,"href":"https:\/\/www.andacolloconectado.cl\/index.php\/wp-json\/wp\/v2\/posts\/8360\/revisions\/8369"}],"wp:attachment":[{"href":"https:\/\/www.andacolloconectado.cl\/index.php\/wp-json\/wp\/v2\/media?parent=8360"}],"wp:term":[{"taxonomy":"category","embeddable":true,"href":"https:\/\/www.andacolloconectado.cl\/index.php\/wp-json\/wp\/v2\/categories?post=8360"},{"taxonomy":"post_tag","embeddable":true,"href":"https:\/\/www.andacolloconectado.cl\/index.php\/wp-json\/wp\/v2\/tags?post=8360"}],"curies":[{"name":"wp","href":"https:\/\/api.w.org\/{rel}","templated":true}]}}