{"id":8432,"date":"2019-06-05T21:56:13","date_gmt":"2019-06-05T21:56:13","guid":{"rendered":"http:\/\/www.andacolloconectado.cl\/?p=8432"},"modified":"2019-06-05T21:56:13","modified_gmt":"2019-06-05T21:56:13","slug":"crianceros-y-agricultores-andacollinos-recibieron-recursos-de-indap","status":"publish","type":"post","link":"https:\/\/www.andacolloconectado.cl\/index.php\/crianceros-y-agricultores-andacollinos-recibieron-recursos-de-indap\/","title":{"rendered":"Crianceros y agricultores andacollinos recibieron recursos de INDAP"},"content":{"rendered":"<p style=\"text-align: justify;\">En una ceremonia realizada, ayer martes, en el Gimnasio Municipal, 250 peque\u00f1os productores de nuestra comuna recibieron los recursos del Fondo de Apoyo Inicial (FAI) del Instituto de Desarrollo Agropecuario (INDAP).<\/p>\n<p style=\"text-align: justify;\">Los recursos entregados representan una inversi\u00f3n superior a $28 millones, dirigidos a usuarios INDAP pertenecientes a los programas PADIS y PRODESAL, ejecutados en convenio con la Municipalidad de Andacollo y que tienen la finalidad de apoyar a los peque\u00f1os productores agr\u00edcolas y crianceros para adquirir insumos y\/o herramientas enfocados a su actividad productiva.<\/p>\n<p style=\"text-align: justify;\">Jorge Arias, productor del sector Caletones y presidente del Sindicato de Crianceros de Andacollo, valor\u00f3 la entrega oportuna de estos recursos que buscan ser un impulso para la actividad productiva del mundo rural, indicando que \u201cha sido muy dif\u00edcil seguir trabajando por la sequ\u00eda y lo que causa el calentamiento global. Estas ayudas de INDAP son muy importantes, porque nos permiten seguir siendo productivos\u201d.<\/p>\n<p style=\"text-align: justify;\">La actividad fue encabezada por la Intendenta Luc\u00eda Pinto quien indic\u00f3 que este tipo de contribuciones a la agricultura familiar campesina \u201cson necesarias para que los productores tengan lo que necesitan para su actividad y as\u00ed puedan desarrollarla plenamente. Estamos hoy en Andacollo trabajando juntos para tener una comuna mucho mejor, y este tipo de recursos van en esa l\u00ednea\u201d.<\/p>\n<p style=\"text-align: justify;\">Por su parte, el alcalde de Andacollo, Juan Carlos Alfaro, destac\u00f3 la relevancia de contar con estos recursos, ya que \u201cpara nosotros resulta muy importante, ac\u00e1 tenemos muchos campesinos que siguen creciendo. La agricultura continuar\u00e1 avanzando mientras se den las condiciones. Este incentivo va a ayudar mucho en la comuna y espero que los beneficiados sigan creciendo en sus unidades productivas y as\u00ed tambi\u00e9n lo har\u00e1 nuestra comuna\u201d.<\/p>\n<p style=\"text-align: justify;\">Los recursos del FAI de INDAP apoyar\u00e1n a 1.506 peque\u00f1os productores en la provincia de Elqui. As\u00ed lo destac\u00f3 el Seremi de Agricultura, Rodrigo \u00d3rdenes: \u201cEstamos apoyando oportunamente a nuestros crianceros y agricultores a fortalecer sus producciones, mientras esperamos las ansiadas lluvias. La agricultura ac\u00e1 es incipiente y apoyada siempre a trav\u00e9s del INDAP y sus programas PRODESAL y PADIS<\/p>\n<p style=\"text-align: justify;\">En la regi\u00f3n de Coquimbo 5.640 peque\u00f1os productores de las 15 comunas est\u00e1n siendo favorecidos con el FAI, entregas de recursos que se seguir\u00e1n realizando durante las pr\u00f3ximas semanas.<\/p>\n","protected":false},"excerpt":{"rendered":"<p>En una ceremonia realizada, ayer martes, en el Gimnasio Municipal, 250 peque\u00f1os productores de nuestra comuna recibieron los recursos del Fondo de Apoyo Inicial (FAI) del Instituto de Desarrollo Agropecuario (INDAP). Los recursos entregados representan una inversi\u00f3n superior a $28 millones, dirigidos a usuarios INDAP pertenecientes a los programas PADIS y PRODESAL, ejecutados en convenio [&hellip;]<\/p>\n","protected":false},"author":3,"featured_media":0,"comment_status":"open","ping_status":"open","sticky":false,"template":"","format":"standard","meta":{"_acf_changed":false,"footnotes":""},"categories":[1],"tags":[1051,2300,772,331,146,148,2301,258],"acf":[],"aioseo_notices":[],"_links":{"self":[{"href":"https:\/\/www.andacolloconectado.cl\/index.php\/wp-json\/wp\/v2\/posts\/8432"}],"collection":[{"href":"https:\/\/www.andacolloconectado.cl\/index.php\/wp-json\/wp\/v2\/posts"}],"about":[{"href":"https:\/\/www.andacolloconectado.cl\/index.php\/wp-json\/wp\/v2\/types\/post"}],"author":[{"embeddable":true,"href":"https:\/\/www.andacolloconectado.cl\/index.php\/wp-json\/wp\/v2\/users\/3"}],"replies":[{"embeddable":true,"href":"https:\/\/www.andacolloconectado.cl\/index.php\/wp-json\/wp\/v2\/comments?post=8432"}],"version-history":[{"count":2,"href":"https:\/\/www.andacolloconectado.cl\/index.php\/wp-json\/wp\/v2\/posts\/8432\/revisions"}],"predecessor-version":[{"id":8436,"href":"https:\/\/www.andacolloconectado.cl\/index.php\/wp-json\/wp\/v2\/posts\/8432\/revisions\/8436"}],"wp:attachment":[{"href":"https:\/\/www.andacolloconectado.cl\/index.php\/wp-json\/wp\/v2\/media?parent=8432"}],"wp:term":[{"taxonomy":"category","embeddable":true,"href":"https:\/\/www.andacolloconectado.cl\/index.php\/wp-json\/wp\/v2\/categories?post=8432"},{"taxonomy":"post_tag","embeddable":true,"href":"https:\/\/www.andacolloconectado.cl\/index.php\/wp-json\/wp\/v2\/tags?post=8432"}],"curies":[{"name":"wp","href":"https:\/\/api.w.org\/{rel}","templated":true}]}}