{"id":8497,"date":"2019-06-13T20:51:56","date_gmt":"2019-06-13T20:51:56","guid":{"rendered":"http:\/\/www.andacolloconectado.cl\/?p=8497"},"modified":"2019-06-13T20:52:14","modified_gmt":"2019-06-13T20:52:14","slug":"65-organizaciones-sociales-fueron-beneficiadas-con-subvenciones-municipales","status":"publish","type":"post","link":"https:\/\/www.andacolloconectado.cl\/index.php\/65-organizaciones-sociales-fueron-beneficiadas-con-subvenciones-municipales\/","title":{"rendered":"65 organizaciones sociales fueron beneficiadas con subvenciones municipales"},"content":{"rendered":"<p style=\"text-align: justify;\">Felicidad y muestras de alegr\u00eda hubo entre los dirigentes de las sesenta y cinco organizaciones comunitarias de Andacollo que recibieron la subvenci\u00f3n municipal que este 2019 pudo beneficiar a todas aquellas agrupaciones que postularon.<\/p>\n<p style=\"text-align: justify;\">Los aportes de 250 mil y 400 mil pesos ayudar\u00e1n a los Centro de Madres, Juntas de Vecinos, Clubes Deportivo, Clubes Adulto, etc. a cumplir con los proyectos que se han trazado para el 2019.<\/p>\n<p style=\"text-align: justify;\">El Alcalde Juan Carlos Alfaro indic\u00f3 que \u201ccomo cada a\u00f1o entregamos la subvenci\u00f3n municipal, afortunadamente este a\u00f1o el presupuesto alcanz\u00f3 para entregarle a todas las instituciones que hab\u00edan postulado. Durante la ceremonia vimos a todos contentos y esperamos que estos recursos les sirvan\u201d.<\/p>\n<p style=\"text-align: justify;\">Los fondos asignados a las diferentes organizaciones les servir\u00e1n para arreglar las sedes sociales a trav\u00e9s del mejoramiento de la infraestructura, beneficiando en algunos casos a personas con problemas de salud o movilidad; para comprar equipamiento o para adquirir materiales para desarrollar su quehacer comunitario.<\/p>\n<p style=\"text-align: justify;\">\u201cEsto fue algo muy bueno y satisfactorio, porque esto se ve reflejado en la calidad de vida de todas las organizaciones y de las personas para poder seguir adelante. Esto no es f\u00e1cil, es muy complicado, pero cuando tenemos las ganas, tambi\u00e9n se adecua el tiempo\u201d, coment\u00f3 Graciela Arancibia, Presidenta de la Uni\u00f3n Comunal de Centros de Madres.<\/p>\n","protected":false},"excerpt":{"rendered":"<p>Felicidad y muestras de alegr\u00eda hubo entre los dirigentes de las sesenta y cinco organizaciones comunitarias de Andacollo que recibieron la subvenci\u00f3n municipal que este 2019 pudo beneficiar a todas aquellas agrupaciones que postularon. Los aportes de 250 mil y 400 mil pesos ayudar\u00e1n a los Centro de Madres, Juntas de Vecinos, Clubes Deportivo, Clubes [&hellip;]<\/p>\n","protected":false},"author":3,"featured_media":0,"comment_status":"open","ping_status":"open","sticky":false,"template":"","format":"standard","meta":{"_acf_changed":false,"footnotes":""},"categories":[1],"tags":[772,331,258,319,2329],"acf":[],"aioseo_notices":[],"_links":{"self":[{"href":"https:\/\/www.andacolloconectado.cl\/index.php\/wp-json\/wp\/v2\/posts\/8497"}],"collection":[{"href":"https:\/\/www.andacolloconectado.cl\/index.php\/wp-json\/wp\/v2\/posts"}],"about":[{"href":"https:\/\/www.andacolloconectado.cl\/index.php\/wp-json\/wp\/v2\/types\/post"}],"author":[{"embeddable":true,"href":"https:\/\/www.andacolloconectado.cl\/index.php\/wp-json\/wp\/v2\/users\/3"}],"replies":[{"embeddable":true,"href":"https:\/\/www.andacolloconectado.cl\/index.php\/wp-json\/wp\/v2\/comments?post=8497"}],"version-history":[{"count":2,"href":"https:\/\/www.andacolloconectado.cl\/index.php\/wp-json\/wp\/v2\/posts\/8497\/revisions"}],"predecessor-version":[{"id":8500,"href":"https:\/\/www.andacolloconectado.cl\/index.php\/wp-json\/wp\/v2\/posts\/8497\/revisions\/8500"}],"wp:attachment":[{"href":"https:\/\/www.andacolloconectado.cl\/index.php\/wp-json\/wp\/v2\/media?parent=8497"}],"wp:term":[{"taxonomy":"category","embeddable":true,"href":"https:\/\/www.andacolloconectado.cl\/index.php\/wp-json\/wp\/v2\/categories?post=8497"},{"taxonomy":"post_tag","embeddable":true,"href":"https:\/\/www.andacolloconectado.cl\/index.php\/wp-json\/wp\/v2\/tags?post=8497"}],"curies":[{"name":"wp","href":"https:\/\/api.w.org\/{rel}","templated":true}]}}