{"id":8640,"date":"2019-07-04T21:35:45","date_gmt":"2019-07-04T21:35:45","guid":{"rendered":"http:\/\/www.andacolloconectado.cl\/?p=8640"},"modified":"2019-07-04T21:35:45","modified_gmt":"2019-07-04T21:35:45","slug":"estudiantes-de-papudo-observaron-el-eclipse-gracias-al-recibimiento-del-colegio-san-lorenzo","status":"publish","type":"post","link":"https:\/\/www.andacolloconectado.cl\/index.php\/estudiantes-de-papudo-observaron-el-eclipse-gracias-al-recibimiento-del-colegio-san-lorenzo\/","title":{"rendered":"Estudiantes de Papudo observaron el Eclipse gracias al recibimiento del Colegio San Lorenzo"},"content":{"rendered":"<p>&nbsp;<\/p>\n<p style=\"text-align: justify;\">El pasado martes 2 de julio una delegaci\u00f3n de estudiantes y\u00a0 profesores\u00a0 de la quinta regi\u00f3n pudieron presenciar y\u00a0 disfrutar el eclipse total de sol gracias a que el\u00a0 Colegio San Lorenzo\u00a0 de nuestra comuna facilit\u00f3 sus dependencias para recibirlos.<\/p>\n<p style=\"text-align: justify;\">La delegaci\u00f3n estaba compuesta por\u00a0 45 alumnos y\u00a0 8 docentes de tres establecimientos educacionales de la comuna de Papudo: Liceo\u00a0 T\u00e9cnico Profesional de Papudo, Escuela B\u00e1sica de Papudo y\u00a0 Escuela B\u00e1sica de Pullalli\u00a0 del sector rural de Las Salinas.<\/p>\n<p style=\"text-align: justify;\">La visita de estos estudiantes que destacaron por su rendimiento acad\u00e9mico en sus colegios fue posible gracias a una instancia de colaboraci\u00f3n entre el establecimiento local, tanto sostenedores como directivos, y el departamento de educaci\u00f3n de Papudo, para lograr que estos ni\u00f1os y\u00a0 j\u00f3venes pudieran ser observadores del eclipse total en nuestra comuna.<\/p>\n<p style=\"text-align: justify;\">Asi, los alumnos de la quinta regi\u00f3n pudieron llegar a las dependencias del Colegio San Lorenzo para recibir sus respectivas colaciones y almuerzos, recorrieron el pueblo para conocer un poco de la historia de Andacollo, y vivieron este fen\u00f3meno astron\u00f3mico desde un lugar\u00a0 con vista privilegiada al 100%.<\/p>\n<p style=\"text-align: justify;\">Jesica Olivares, sostenedora del Colegio, explic\u00f3 que\u00a0 cuando recibieron el primer llamado para gestionar la visita no\u00a0 dudaron en recibir a la delegaci\u00f3n, pues este viaje es un incentivo para los que los alumnos se interioricen de algunos fen\u00f3menos m\u00e1s all\u00e1 de las aulas y\u00a0 que es una experiencia \u00fanica en sus\u00a0 vidas que quedar\u00e1 grabado para siempre en sus memorias.<\/p>\n<p style=\"text-align: justify;\">Adem\u00e1s, quedaron las puertas abiertas para otros intercambios de actividades que son parte de las estrategias de educaci\u00f3n del Colegio San Lorenzo para ofrecer a sus alumnos vivencias fuera del pueblo. \u201cEsta uni\u00f3n con Papudo \u00a0implicar\u00e1 poder llevar m\u00e1s o menos a 25 de nuestros alumnos all\u00e1 a fin de semestre, a los que tienen mejor nota,\u00a0 buena conducta y a los que se han esforzado, van a ir un campamento, porque estamos generando actividades innovadoras\u201d, concluy\u00f3 Jesica Olivares.<\/p>\n","protected":false},"excerpt":{"rendered":"<p>&nbsp; El pasado martes 2 de julio una delegaci\u00f3n de estudiantes y\u00a0 profesores\u00a0 de la quinta regi\u00f3n pudieron presenciar y\u00a0 disfrutar el eclipse total de sol gracias a que el\u00a0 Colegio San Lorenzo\u00a0 de nuestra comuna facilit\u00f3 sus dependencias para recibirlos. La delegaci\u00f3n estaba compuesta por\u00a0 45 alumnos y\u00a0 8 docentes de tres establecimientos educacionales [&hellip;]<\/p>\n","protected":false},"author":3,"featured_media":0,"comment_status":"open","ping_status":"open","sticky":false,"template":"","format":"standard","meta":{"_acf_changed":false,"footnotes":""},"categories":[4,1],"tags":[772,331,2290,815,2328,2365,2216,1798,2272,2373,258],"acf":[],"aioseo_notices":[],"_links":{"self":[{"href":"https:\/\/www.andacolloconectado.cl\/index.php\/wp-json\/wp\/v2\/posts\/8640"}],"collection":[{"href":"https:\/\/www.andacolloconectado.cl\/index.php\/wp-json\/wp\/v2\/posts"}],"about":[{"href":"https:\/\/www.andacolloconectado.cl\/index.php\/wp-json\/wp\/v2\/types\/post"}],"author":[{"embeddable":true,"href":"https:\/\/www.andacolloconectado.cl\/index.php\/wp-json\/wp\/v2\/users\/3"}],"replies":[{"embeddable":true,"href":"https:\/\/www.andacolloconectado.cl\/index.php\/wp-json\/wp\/v2\/comments?post=8640"}],"version-history":[{"count":3,"href":"https:\/\/www.andacolloconectado.cl\/index.php\/wp-json\/wp\/v2\/posts\/8640\/revisions"}],"predecessor-version":[{"id":8644,"href":"https:\/\/www.andacolloconectado.cl\/index.php\/wp-json\/wp\/v2\/posts\/8640\/revisions\/8644"}],"wp:attachment":[{"href":"https:\/\/www.andacolloconectado.cl\/index.php\/wp-json\/wp\/v2\/media?parent=8640"}],"wp:term":[{"taxonomy":"category","embeddable":true,"href":"https:\/\/www.andacolloconectado.cl\/index.php\/wp-json\/wp\/v2\/categories?post=8640"},{"taxonomy":"post_tag","embeddable":true,"href":"https:\/\/www.andacolloconectado.cl\/index.php\/wp-json\/wp\/v2\/tags?post=8640"}],"curies":[{"name":"wp","href":"https:\/\/api.w.org\/{rel}","templated":true}]}}