{"id":8935,"date":"2019-08-27T19:34:58","date_gmt":"2019-08-27T19:34:58","guid":{"rendered":"http:\/\/www.andacolloconectado.cl\/?p=8935"},"modified":"2019-08-27T19:34:58","modified_gmt":"2019-08-27T19:34:58","slug":"andacollinos-celebraran-fiestas-patrias-con-multiples-actividades","status":"publish","type":"post","link":"https:\/\/www.andacolloconectado.cl\/index.php\/andacollinos-celebraran-fiestas-patrias-con-multiples-actividades\/","title":{"rendered":"Andacollinos celebrar\u00e1n Fiestas Patrias con m\u00faltiples actividades"},"content":{"rendered":"<p>La Municipalidad de Andacollo tiene programadas m\u00faltiples actividades para celebrar este mes de Fiestas Patrias 2019. Comenzando desde el pr\u00f3ximo domingo 1 de septiembre con un variado calendario de eventos culturales, c\u00edvicos y recreativos para que todos los andacollinos disfruten en nuestra comuna de las conmemoraciones patrias.<\/p>\n<p><strong>\u00a0<\/strong><\/p>\n<p><strong><em>Domingo 1 de septiembre<\/em><\/strong><\/p>\n<p>12:00 hrs: Lanzamiento Fiestas Patrias 2019.<\/p>\n<p>09:00 a 14:00 hrs: Competencia ciclismo MTGB Ruta de las Estrellas.<\/p>\n<p>Lugar: Paseo Beltr\u00e1n Amen\u00e1bar.<\/p>\n<p>14:00 hrs: Almuerzo Familiar Campestre de la C\u00e1mara de Comercio y Turismo de Andacollo.<\/p>\n<p>Lugar: Camping Chaway.<\/p>\n<p><strong><em>Viernes 6 de septiembre<\/em><\/strong><\/p>\n<p>12:00 hrs: Concierto de Orquesta Sinf\u00f3nica Latino Americana.<\/p>\n<p>Lugar: Gimnasio Techado Municipal.<\/p>\n<p>16:00 hrs: Ceremonia entrega de Banderolas a las Juntas de Vecinos.<\/p>\n<p>Lugar: Sal\u00f3n Padre Alberto Hurtado.<\/p>\n<p>&nbsp;<\/p>\n<p><strong><em>S\u00e1bado 7 de septiembre<\/em><\/strong><\/p>\n<p>12:00 hrs: Fonda La Talentosa, organizada por la Uni\u00f3n Comunal de la Cultura. (Comidas t\u00edpicas, juegos, m\u00fasica en vivo con artistas locales).<\/p>\n<p>Lugar: Casa del Cirujano Videla, Sierra 500.<\/p>\n<p>&nbsp;<\/p>\n<p><strong><em>Jueves 12 de septiembre<\/em><\/strong><\/p>\n<p>11:00 hrs: VI Concurso Plato T\u00edpico Comunal Andacollino.<\/p>\n<p>Lugar: Casa Encuentro Ciudadano.<\/p>\n<p>&nbsp;<\/p>\n<p><strong><em>S\u00e1bado 14 de septiembre<\/em><\/strong><\/p>\n<p>18:00 hrs: Cultura en Tu Barrio<\/p>\n<p>Lugar: Barrio Matadero.<\/p>\n<p>15:00 hrs: Finalizaci\u00f3n del Programa TV \u201cCanitas al aire\u201d.<\/p>\n<p>Ram\u00f3n Barros Luco 37, Barrio Mart\u00ednez.<\/p>\n<p>&nbsp;<\/p>\n<p><strong><em>Martes 17 de septiembre<\/em><\/strong><\/p>\n<p>15:00 hrs: Fiesta Deciochera Ramada del Programa \u201cQuiero Mi Barrio\u201d.<\/p>\n<p>Lugar: Parque Los Leones, Barrio Norte.<\/p>\n<p>&nbsp;<\/p>\n<p>19:30 hrs: Brindis de Honor y pasa calle con los Dirigentes Vecinales y autoridades.<\/p>\n<p>Lugar: Calle Urmeneta y Plaza Videla<\/p>\n<p>&nbsp;<\/p>\n<p>21:00 hrs: Inauguraci\u00f3n de Ramadas.<\/p>\n<p>Lugar: diferentes sectores de la Comuna.<\/p>\n<p>&nbsp;<\/p>\n<p><strong><em>Mi\u00e9rcoles 18 de septiembre<\/em><\/strong><\/p>\n<p>&nbsp;<\/p>\n<p>06:00 hrs: Diana por las calles de la Comuna Banda Humberto Escalante Rivera.<\/p>\n<p>11:00 hrs: Te Deum en el Templo Parroquial.<\/p>\n<p>12:00 hrs: Acto Oficial y Desfile de Honor Fiestas Patrias 2019.<\/p>\n<p>16:00 hrs: Juegos populares diferentes sectores de la Comuna.<\/p>\n<p>&nbsp;<\/p>\n<p><strong><em>Jueves 19 de septiembre<\/em><\/strong><\/p>\n<p><strong><em>\u00a0<\/em><\/strong><\/p>\n<p>Pampilla Fiestas Patrias 2019<\/p>\n<p>10:00 hrs: se presentan grupos musicales y folcl\u00f3ricos como \u201cLos Pecaminosos\u201d, La Sonora Bandacollo y Los S\u00faper Corsarios del amor.<\/p>\n<p>Lugar: Parque Oasis<\/p>\n<p>&nbsp;<\/p>\n<p><strong><em>23 al 25 de septiembre<\/em><\/strong><\/p>\n<p>&nbsp;<\/p>\n<p>10:30 hrs: Rescate de nuestra historia Teatro de Papel \u201cAndacollo un Viaje al pasado\u201d.<\/p>\n<p>Lugar: Jardines Infantiles de Andacollo.<\/p>\n<p>&nbsp;<\/p>\n<p><strong><em>Jueves 26 de septiembre<\/em><\/strong><\/p>\n<p><strong><em>\u00a0<\/em><\/strong><\/p>\n<p>19:00 hrs: Concierto de C\u00e1mara Universidad de La Serena.<\/p>\n<p>Lugar Casa del Encuentro Ciudadano.<\/p>\n<p>&nbsp;<\/p>\n<p><strong><em>Domingo 29 de septiembre<\/em><\/strong><\/p>\n<p><strong><em>\u00a0<\/em><\/strong><\/p>\n<p>11:00 hrs: Celebraci\u00f3n D\u00eda del Turismo con una Ferias Costumbrista.<\/p>\n<p>Lugar : Plaza Videla.<\/p>\n","protected":false},"excerpt":{"rendered":"<p>La Municipalidad de Andacollo tiene programadas m\u00faltiples actividades para celebrar este mes de Fiestas Patrias 2019. Comenzando desde el pr\u00f3ximo domingo 1 de septiembre con un variado calendario de eventos culturales, c\u00edvicos y recreativos para que todos los andacollinos disfruten en nuestra comuna de las conmemoraciones patrias. \u00a0 Domingo 1 de septiembre 12:00 hrs: Lanzamiento [&hellip;]<\/p>\n","protected":false},"author":3,"featured_media":0,"comment_status":"open","ping_status":"open","sticky":false,"template":"","format":"standard","meta":{"_acf_changed":false,"footnotes":""},"categories":[4,1],"tags":[2525,772,331,2290,2542,2540,565,1897,2543,2541,258],"acf":[],"aioseo_notices":[],"_links":{"self":[{"href":"https:\/\/www.andacolloconectado.cl\/index.php\/wp-json\/wp\/v2\/posts\/8935"}],"collection":[{"href":"https:\/\/www.andacolloconectado.cl\/index.php\/wp-json\/wp\/v2\/posts"}],"about":[{"href":"https:\/\/www.andacolloconectado.cl\/index.php\/wp-json\/wp\/v2\/types\/post"}],"author":[{"embeddable":true,"href":"https:\/\/www.andacolloconectado.cl\/index.php\/wp-json\/wp\/v2\/users\/3"}],"replies":[{"embeddable":true,"href":"https:\/\/www.andacolloconectado.cl\/index.php\/wp-json\/wp\/v2\/comments?post=8935"}],"version-history":[{"count":2,"href":"https:\/\/www.andacolloconectado.cl\/index.php\/wp-json\/wp\/v2\/posts\/8935\/revisions"}],"predecessor-version":[{"id":8938,"href":"https:\/\/www.andacolloconectado.cl\/index.php\/wp-json\/wp\/v2\/posts\/8935\/revisions\/8938"}],"wp:attachment":[{"href":"https:\/\/www.andacolloconectado.cl\/index.php\/wp-json\/wp\/v2\/media?parent=8935"}],"wp:term":[{"taxonomy":"category","embeddable":true,"href":"https:\/\/www.andacolloconectado.cl\/index.php\/wp-json\/wp\/v2\/categories?post=8935"},{"taxonomy":"post_tag","embeddable":true,"href":"https:\/\/www.andacolloconectado.cl\/index.php\/wp-json\/wp\/v2\/tags?post=8935"}],"curies":[{"name":"wp","href":"https:\/\/api.w.org\/{rel}","templated":true}]}}