{"id":8980,"date":"2019-09-04T16:15:20","date_gmt":"2019-09-04T16:15:20","guid":{"rendered":"http:\/\/www.andacolloconectado.cl\/?p=8980"},"modified":"2019-09-04T16:15:20","modified_gmt":"2019-09-04T16:15:20","slug":"selecciones-de-futbol-adulta-y-sub-13-ganaron-sus-partidos-de-local","status":"publish","type":"post","link":"https:\/\/www.andacolloconectado.cl\/index.php\/selecciones-de-futbol-adulta-y-sub-13-ganaron-sus-partidos-de-local\/","title":{"rendered":"Selecciones de F\u00fatbol Adulta y Sub 13 ganaron sus partidos de local"},"content":{"rendered":"<p style=\"text-align: justify;\">El s\u00e1bado 31 de agosto en el Estadio municipal de nuestra comuna, se jugaron los partidos correspondientes a la segunda fecha por las eliminatorias regionales. Las selecciones de f\u00fatbol locales lograron imponerse a sus s\u00edmiles de Los Llanos, dejando atr\u00e1s los malos resultados de su debut en San Juan.<\/p>\n<p style=\"text-align: justify;\">En el primer encuentro la Selecci\u00f3n Sub 13 gan\u00f3 por 4 goles a 1; por los andacolllinos anotaron Crist\u00f3bal Salazar, Valent\u00edn Olivares y \u00c1ngel Rojas con 2 tantos, y por los visitantes descont\u00f3 Nicol\u00e1s Cort\u00e9s.<\/p>\n<p style=\"text-align: justify;\">En el cotejo de fondo la Selecci\u00f3n Adulta se impuso por 7 goles a 1, por los locales marcaron Kevin Godoy, Nicol\u00e1s Hidalgo, Jonathan Pizarro, Axel Rojas, Javier Cuello y Marcos Pati\u00f1o con dos anotaciones, mientras que el descuento de Los Llanos lo realiz\u00f3 Wilson Trujillo.<\/p>\n<p style=\"text-align: justify;\">Javier Vicencio, presidente de la Asociaci\u00f3n de Futbol Andacollina, se manifest\u00f3 satisfecho con los resultados en la segunda fecha de los Leones amarillos en los dos equipos, pues \u201clo importante era sacar los 3 puntos para recuperar por lo menos los goles que sufri\u00f3 de visita, para quedar mejor posicionados en la tabla y esperamos en el pr\u00f3ximo encuentro visita traernos un buen resultado\u201d.<\/p>\n<p style=\"text-align: justify;\">El timonel, adem\u00e1s explic\u00f3, que despu\u00e9s de la primera derrota el t\u00e9cnico Gustavo Cuello y el equipo tuvieron una charla directa y seria para analizar las debilidades individuales y colectivas que los hizo perder en el debut. Posteriormente disputaron un amistoso para probar un nuevo esquema que fue con el que jugaron y que les dio buenos resultados al obtener los 3 puntos de local.<\/p>\n","protected":false},"excerpt":{"rendered":"<p>El s\u00e1bado 31 de agosto en el Estadio municipal de nuestra comuna, se jugaron los partidos correspondientes a la segunda fecha por las eliminatorias regionales. Las selecciones de f\u00fatbol locales lograron imponerse a sus s\u00edmiles de Los Llanos, dejando atr\u00e1s los malos resultados de su debut en San Juan. En el primer encuentro la Selecci\u00f3n [&hellip;]<\/p>\n","protected":false},"author":3,"featured_media":0,"comment_status":"open","ping_status":"open","sticky":false,"template":"","format":"standard","meta":{"_acf_changed":false,"footnotes":""},"categories":[4,1],"tags":[2338,772,331,2290,579,388,1298,258],"acf":[],"aioseo_notices":[],"_links":{"self":[{"href":"https:\/\/www.andacolloconectado.cl\/index.php\/wp-json\/wp\/v2\/posts\/8980"}],"collection":[{"href":"https:\/\/www.andacolloconectado.cl\/index.php\/wp-json\/wp\/v2\/posts"}],"about":[{"href":"https:\/\/www.andacolloconectado.cl\/index.php\/wp-json\/wp\/v2\/types\/post"}],"author":[{"embeddable":true,"href":"https:\/\/www.andacolloconectado.cl\/index.php\/wp-json\/wp\/v2\/users\/3"}],"replies":[{"embeddable":true,"href":"https:\/\/www.andacolloconectado.cl\/index.php\/wp-json\/wp\/v2\/comments?post=8980"}],"version-history":[{"count":2,"href":"https:\/\/www.andacolloconectado.cl\/index.php\/wp-json\/wp\/v2\/posts\/8980\/revisions"}],"predecessor-version":[{"id":8983,"href":"https:\/\/www.andacolloconectado.cl\/index.php\/wp-json\/wp\/v2\/posts\/8980\/revisions\/8983"}],"wp:attachment":[{"href":"https:\/\/www.andacolloconectado.cl\/index.php\/wp-json\/wp\/v2\/media?parent=8980"}],"wp:term":[{"taxonomy":"category","embeddable":true,"href":"https:\/\/www.andacolloconectado.cl\/index.php\/wp-json\/wp\/v2\/categories?post=8980"},{"taxonomy":"post_tag","embeddable":true,"href":"https:\/\/www.andacolloconectado.cl\/index.php\/wp-json\/wp\/v2\/tags?post=8980"}],"curies":[{"name":"wp","href":"https:\/\/api.w.org\/{rel}","templated":true}]}}