{"id":9014,"date":"2019-09-09T20:01:49","date_gmt":"2019-09-09T20:01:49","guid":{"rendered":"http:\/\/www.andacolloconectado.cl\/?p=9014"},"modified":"2019-09-09T20:01:49","modified_gmt":"2019-09-09T20:01:49","slug":"liceo-andacollino-organizo-presentacion-de-agrupaciones-artisticas-serenenses-para-la-comunidad","status":"publish","type":"post","link":"https:\/\/www.andacolloconectado.cl\/index.php\/liceo-andacollino-organizo-presentacion-de-agrupaciones-artisticas-serenenses-para-la-comunidad\/","title":{"rendered":"Liceo andacollino organiz\u00f3 presentaci\u00f3n de agrupaciones art\u00edsticas serenenses para la comunidad"},"content":{"rendered":"<p style=\"text-align: justify;\">En el Gimnasio Municipal de nuestra comuna se dieron cita 3 importantes agrupaciones art\u00edsticas serenenses. La actividad organizada por el Liceo Pedro Regalado Videla Ordenes (PRVO) y que cont\u00f3 con el apoyo de Compa\u00f1\u00eda Teck CDA, consisti\u00f3 en la presentaci\u00f3n la Orquesta Sinf\u00f3nica Latinoamericana del Colegio San Antonio y de los coros de ni\u00f1os San Francisco y Santa Clara, dirigidos por el profesor de m\u00fasica Antonio G\u00e1lvez.<\/p>\n<p style=\"text-align: justify;\">Para el equipo docente de este establecimiento de educaci\u00f3n es muy importante fomentar instancias fuera del aula para sus alumnos, quienes esta vez pudieron apreciar diferentes interpretaciones que tuvieron los coros y la orquesta serenense que toc\u00f3 las mejores piezas de su repertorio con cl\u00e1sicos de la m\u00fasica Latinoamericana.<\/p>\n<p style=\"text-align: justify;\">Mar\u00eda Lorena Araya, Directora del Liceo PRVO, destac\u00f3 la cooperaci\u00f3n entre ambas instituciones educativas. \u201cEsto es parte de un convenio de colaboraci\u00f3n que hicimos con la orquesta del Colegio San Antonio. Hay un v\u00ednculo del director Antonio G\u00e1lvez con la comuna de Andacollo y eso nos ha permitido tener un trabajo permanente. Este concierto fue tremendamente emocionante\u201d, coment\u00f3 la autoridad estudiantil.<\/p>\n<p style=\"text-align: justify;\">Por su parte, Antonio G\u00e1lvez, director de los Coros San Francisco, Santa Clara y de la Orquesta Latinoamericana del Colegio San Antonio, manifest\u00f3 que \u201cpara nosotros es muy grato poder presentarnos con un p\u00fablico que escucha, en esta oportunidad nos ha tocado un p\u00fablico muy concentrado en nuestra actuaci\u00f3n. Los ni\u00f1os son casi siempre m\u00e1s inquietos que los adultos, pero en esta oportunidad nos escucharon muy silenciosamente\u201d.<\/p>\n<p style=\"text-align: justify;\">Asimismo, el alumno del Liceo PRVO Dillan G\u00e1lvez, valor\u00f3 esta actividad indicando que \u201ces una muy linda orquesta, creo que es fundamental la m\u00fasica y la cultura para sacar a los ni\u00f1os y j\u00f3venes de eventuales consumos de drogas u otras malas pr\u00e1cticas\u201d.<\/p>\n<p style=\"text-align: justify;\">Finalmente, el Municipio de Andacollo reiter\u00f3 que a pesar de no tener bajo su tutela la educaci\u00f3n de la comuna, que fue traspasada al Servicio Local puerto Cordillera, contin\u00faa apoyando a los establecimientos educacionales con sus dependencias como el Gimnasio Techado Municipal para que se presenten eventos de esta magnitud.<\/p>\n","protected":false},"excerpt":{"rendered":"<p>En el Gimnasio Municipal de nuestra comuna se dieron cita 3 importantes agrupaciones art\u00edsticas serenenses. La actividad organizada por el Liceo Pedro Regalado Videla Ordenes (PRVO) y que cont\u00f3 con el apoyo de Compa\u00f1\u00eda Teck CDA, consisti\u00f3 en la presentaci\u00f3n la Orquesta Sinf\u00f3nica Latinoamericana del Colegio San Antonio y de los coros de ni\u00f1os San [&hellip;]<\/p>\n","protected":false},"author":3,"featured_media":0,"comment_status":"open","ping_status":"open","sticky":false,"template":"","format":"standard","meta":{"_acf_changed":false,"footnotes":""},"categories":[1],"tags":[772,331,2290,303,56,2588,2589,2587,258],"acf":[],"aioseo_notices":[],"_links":{"self":[{"href":"https:\/\/www.andacolloconectado.cl\/index.php\/wp-json\/wp\/v2\/posts\/9014"}],"collection":[{"href":"https:\/\/www.andacolloconectado.cl\/index.php\/wp-json\/wp\/v2\/posts"}],"about":[{"href":"https:\/\/www.andacolloconectado.cl\/index.php\/wp-json\/wp\/v2\/types\/post"}],"author":[{"embeddable":true,"href":"https:\/\/www.andacolloconectado.cl\/index.php\/wp-json\/wp\/v2\/users\/3"}],"replies":[{"embeddable":true,"href":"https:\/\/www.andacolloconectado.cl\/index.php\/wp-json\/wp\/v2\/comments?post=9014"}],"version-history":[{"count":2,"href":"https:\/\/www.andacolloconectado.cl\/index.php\/wp-json\/wp\/v2\/posts\/9014\/revisions"}],"predecessor-version":[{"id":9018,"href":"https:\/\/www.andacolloconectado.cl\/index.php\/wp-json\/wp\/v2\/posts\/9014\/revisions\/9018"}],"wp:attachment":[{"href":"https:\/\/www.andacolloconectado.cl\/index.php\/wp-json\/wp\/v2\/media?parent=9014"}],"wp:term":[{"taxonomy":"category","embeddable":true,"href":"https:\/\/www.andacolloconectado.cl\/index.php\/wp-json\/wp\/v2\/categories?post=9014"},{"taxonomy":"post_tag","embeddable":true,"href":"https:\/\/www.andacolloconectado.cl\/index.php\/wp-json\/wp\/v2\/tags?post=9014"}],"curies":[{"name":"wp","href":"https:\/\/api.w.org\/{rel}","templated":true}]}}