{"id":9127,"date":"2019-10-01T19:59:26","date_gmt":"2019-10-01T19:59:26","guid":{"rendered":"http:\/\/www.andacolloconectado.cl\/?p=9127"},"modified":"2019-10-01T19:59:26","modified_gmt":"2019-10-01T19:59:26","slug":"dia-del-turismo-congrego-a-distintos-gestores-y-emprendedores-andacollinos","status":"publish","type":"post","link":"https:\/\/www.andacolloconectado.cl\/index.php\/dia-del-turismo-congrego-a-distintos-gestores-y-emprendedores-andacollinos\/","title":{"rendered":"D\u00eda del Turismo congreg\u00f3 a distintos gestores y emprendedores andacollinos"},"content":{"rendered":"<p style=\"text-align: justify;\">Este domingo reci\u00e9n pasado se celebr\u00f3 en nuestra comuna el D\u00eda Mundial del Turismo, en la Plaza Pedro Nolasco Videla con la realizaci\u00f3n de una feria costumbrista en la que participaron emprendedores y artesanos. Adem\u00e1s, los asistentes disfrutaron de m\u00fasica en vivo, degustaci\u00f3n de platos t\u00edpicos, observaci\u00f3n astron\u00f3mica, exposici\u00f3n minera y cultural.<\/p>\n<p style=\"text-align: justify;\">El evento organizado por el Departamento de Cultura, Turismo y Patrimonio de la Municipalidad andacollina, fue la \u00faltima actividad contemplada en el programa de Fiestas Patrias y sirvi\u00f3 para culminar las festividades del mes de septiembre.<\/p>\n<p style=\"text-align: justify;\">Solange Mondaca, funcionaria de Turismo, explic\u00f3 que este a\u00f1o el lema internacional para celebrar el D\u00eda Mundial de Turismo fue \u201cTurismo y Empleo\u201d, por eso se aprovech\u00f3 la ocasi\u00f3n para que los emprendedores andacollinos pudieran ofrecer sus art\u00edculos.<\/p>\n<p style=\"text-align: justify;\">\u201cEsta es una gran oportunidad para que las personas puedan exponer sus productos, por eso se desarroll\u00f3 la feria tur\u00edstica con todos los emprendedores tanto de la zona rural en tema de alimentaci\u00f3n como con la gente de Andacollo en la artesan\u00eda\u201d, concluy\u00f3 la profesional andacollina.<\/p>\n","protected":false},"excerpt":{"rendered":"<p>Este domingo reci\u00e9n pasado se celebr\u00f3 en nuestra comuna el D\u00eda Mundial del Turismo, en la Plaza Pedro Nolasco Videla con la realizaci\u00f3n de una feria costumbrista en la que participaron emprendedores y artesanos. Adem\u00e1s, los asistentes disfrutaron de m\u00fasica en vivo, degustaci\u00f3n de platos t\u00edpicos, observaci\u00f3n astron\u00f3mica, exposici\u00f3n minera y cultural. El evento organizado [&hellip;]<\/p>\n","protected":false},"author":3,"featured_media":0,"comment_status":"open","ping_status":"open","sticky":false,"template":"","format":"standard","meta":{"_acf_changed":false,"footnotes":""},"categories":[4,1],"tags":[772,331,2290,755,2656,2657,258,2658],"acf":[],"aioseo_notices":[],"_links":{"self":[{"href":"https:\/\/www.andacolloconectado.cl\/index.php\/wp-json\/wp\/v2\/posts\/9127"}],"collection":[{"href":"https:\/\/www.andacolloconectado.cl\/index.php\/wp-json\/wp\/v2\/posts"}],"about":[{"href":"https:\/\/www.andacolloconectado.cl\/index.php\/wp-json\/wp\/v2\/types\/post"}],"author":[{"embeddable":true,"href":"https:\/\/www.andacolloconectado.cl\/index.php\/wp-json\/wp\/v2\/users\/3"}],"replies":[{"embeddable":true,"href":"https:\/\/www.andacolloconectado.cl\/index.php\/wp-json\/wp\/v2\/comments?post=9127"}],"version-history":[{"count":2,"href":"https:\/\/www.andacolloconectado.cl\/index.php\/wp-json\/wp\/v2\/posts\/9127\/revisions"}],"predecessor-version":[{"id":9130,"href":"https:\/\/www.andacolloconectado.cl\/index.php\/wp-json\/wp\/v2\/posts\/9127\/revisions\/9130"}],"wp:attachment":[{"href":"https:\/\/www.andacolloconectado.cl\/index.php\/wp-json\/wp\/v2\/media?parent=9127"}],"wp:term":[{"taxonomy":"category","embeddable":true,"href":"https:\/\/www.andacolloconectado.cl\/index.php\/wp-json\/wp\/v2\/categories?post=9127"},{"taxonomy":"post_tag","embeddable":true,"href":"https:\/\/www.andacolloconectado.cl\/index.php\/wp-json\/wp\/v2\/tags?post=9127"}],"curies":[{"name":"wp","href":"https:\/\/api.w.org\/{rel}","templated":true}]}}