{"id":9158,"date":"2019-10-04T20:41:30","date_gmt":"2019-10-04T20:41:30","guid":{"rendered":"http:\/\/www.andacolloconectado.cl\/?p=9158"},"modified":"2019-10-04T20:41:30","modified_gmt":"2019-10-04T20:41:30","slug":"santuario-contara-con-un-carro-extintor-en-el-sector-de-la-capilla-de-la-luz","status":"publish","type":"post","link":"https:\/\/www.andacolloconectado.cl\/index.php\/santuario-contara-con-un-carro-extintor-en-el-sector-de-la-capilla-de-la-luz\/","title":{"rendered":"Santuario contar\u00e1 con un carro extintor en el sector de la Capilla de la Luz"},"content":{"rendered":"<p style=\"text-align: justify;\">Durante esta Fiesta Chica 2019, el Santuario de Andacollo, en el sector de la Gruta en la Bas\u00edlica, contar\u00e1 con un carro extintor de agua espuma de 100 lts cedido para la ocasi\u00f3n por Compa\u00f1\u00eda Minera Teck Carmen de Andacollo.<\/p>\n<p style=\"text-align: justify;\">La iniciativa surgi\u00f3 en la reuni\u00f3n de coordinaci\u00f3n del Comit\u00e9 de emergencia de Andacollo realizado en septiembre en donde participan la Municipalidad, el Hospital, Carabineros, Bomberos, la Parroquia y Teck CDA.<\/p>\n<p style=\"text-align: justify;\">Como lo explic\u00f3, Carlos Sald\u00edvar, jefe de seguridad Industrial de Teck, en festividades anteriores han ocurrido amagos de incendios en el sector de la gruta, dada la gran cantidad de peregrinos que llegan a encender sus velas a la Virgen. Es por eso, que surgi\u00f3 la idea de contar con un nuevo sistema para atender una potencial emergencia, ya que por la multitud de personas llegar con una unidad bomberil al sector ha sido complicado en a\u00f1os previos.<\/p>\n<p style=\"text-align: justify;\">El carro fue instalado el jueves 3 de octubre, y recibieron capacitaci\u00f3n los integrantes de la Guardia del Santuario, Bomberos y algunos funcionarios municipales.<\/p>\n<p style=\"text-align: justify;\">\u201cBrindar este apoyo en las Fiestas es s\u00faper importante porque somos parte de la comuna. Muchos de nosotros somos de Andacollo, as\u00ed que queremos lo mejor para la Fiesta para que salga de la mejor manera. Este apoyo va en directo beneficio de la seguridad de todas las personas que van al Santuario\u201d, concluy\u00f3 Carlos Sald\u00edvar.<\/p>\n","protected":false},"excerpt":{"rendered":"<p>Durante esta Fiesta Chica 2019, el Santuario de Andacollo, en el sector de la Gruta en la Bas\u00edlica, contar\u00e1 con un carro extintor de agua espuma de 100 lts cedido para la ocasi\u00f3n por Compa\u00f1\u00eda Minera Teck Carmen de Andacollo. La iniciativa surgi\u00f3 en la reuni\u00f3n de coordinaci\u00f3n del Comit\u00e9 de emergencia de Andacollo realizado [&hellip;]<\/p>\n","protected":false},"author":3,"featured_media":0,"comment_status":"open","ping_status":"open","sticky":false,"template":"","format":"standard","meta":{"_acf_changed":false,"footnotes":""},"categories":[4,1],"tags":[],"acf":[],"aioseo_notices":[],"_links":{"self":[{"href":"https:\/\/www.andacolloconectado.cl\/index.php\/wp-json\/wp\/v2\/posts\/9158"}],"collection":[{"href":"https:\/\/www.andacolloconectado.cl\/index.php\/wp-json\/wp\/v2\/posts"}],"about":[{"href":"https:\/\/www.andacolloconectado.cl\/index.php\/wp-json\/wp\/v2\/types\/post"}],"author":[{"embeddable":true,"href":"https:\/\/www.andacolloconectado.cl\/index.php\/wp-json\/wp\/v2\/users\/3"}],"replies":[{"embeddable":true,"href":"https:\/\/www.andacolloconectado.cl\/index.php\/wp-json\/wp\/v2\/comments?post=9158"}],"version-history":[{"count":2,"href":"https:\/\/www.andacolloconectado.cl\/index.php\/wp-json\/wp\/v2\/posts\/9158\/revisions"}],"predecessor-version":[{"id":9161,"href":"https:\/\/www.andacolloconectado.cl\/index.php\/wp-json\/wp\/v2\/posts\/9158\/revisions\/9161"}],"wp:attachment":[{"href":"https:\/\/www.andacolloconectado.cl\/index.php\/wp-json\/wp\/v2\/media?parent=9158"}],"wp:term":[{"taxonomy":"category","embeddable":true,"href":"https:\/\/www.andacolloconectado.cl\/index.php\/wp-json\/wp\/v2\/categories?post=9158"},{"taxonomy":"post_tag","embeddable":true,"href":"https:\/\/www.andacolloconectado.cl\/index.php\/wp-json\/wp\/v2\/tags?post=9158"}],"curies":[{"name":"wp","href":"https:\/\/api.w.org\/{rel}","templated":true}]}}