{"id":9286,"date":"2019-11-22T17:35:17","date_gmt":"2019-11-22T17:35:17","guid":{"rendered":"http:\/\/www.andacolloconectado.cl\/?p=9286"},"modified":"2019-11-22T17:38:45","modified_gmt":"2019-11-22T17:38:45","slug":"el-9-de-diciembre-se-definira-la-realizacion-de-la-fiesta-grande-de-andacollo","status":"publish","type":"post","link":"https:\/\/www.andacolloconectado.cl\/index.php\/el-9-de-diciembre-se-definira-la-realizacion-de-la-fiesta-grande-de-andacollo\/","title":{"rendered":"El 9 de diciembre se definir\u00e1 la realizaci\u00f3n de la Fiesta Grande de Andacollo"},"content":{"rendered":"<p style=\"text-align: justify;\">El pasado 20 de noviembre en la ma\u00f1ana, en dependencias del\u00a0\u00a0 Municipio local se efect\u00fao\u00a0\u00a0 una reuni\u00f3n para\u00a0\u00a0 decidir el futuro\u00a0\u00a0 de la Fiesta Grande de Andacollo, que tradicionalmente es entre el\u00a0\u00a0 23 y\u00a0\u00a0 27\u00a0\u00a0 de diciembre. A la cita\u00a0\u00a0 acudieron el Alcalde, el Rector del\u00a0\u00a0 Santuario, el Cacique de los Bailes, funcionarios del Hospital, Bomberos, Carabineros y de la C\u00e1mara\u00a0 \u00a0de Comercio.<\/p>\n<p style=\"text-align: justify;\">En la ocasi\u00f3n todos expusieron sus puntos de\u00a0\u00a0 vistas respecto a los pros y contras que se presentan, especialmente en el tema de la seguridad dada la multitud de personas que llegan a la comuna durante\u00a0\u00a0 los d\u00edas de diciembre que\u00a0\u00a0 bordea los 200 mil peregrinos.<\/p>\n<p style=\"text-align: justify;\">Wilson Nu\u00f1ez, administrador municipal, indic\u00f3 que \u201cse dej\u00f3 para\u00a0\u00a0 el\u00a0\u00a0 9 de diciembre para\u00a0\u00a0 que se pueda tomar con todos los actores una decisi\u00f3n definitiva considerando tambi\u00e9n el resto de d\u00edas y\u00a0\u00a0 la fiesta de Lo V\u00e1squez que es el 8 de diciembre. Siempre estar\u00e1 primero proteger la integridad de todas las personas tanto de\u00a0\u00a0 nosotros los andacollinos como de las decenas de miles que nos visitan. A la vez hay que\u00a0\u00a0 cuidar el patrimonio material e inmaterial\u00a0\u00a0 que pertenece\u00a0\u00a0 a todos los\u00a0\u00a0 chilenos como es la\u00a0\u00a0 \u00a0Virgen y\u00a0\u00a0 las Iglesias\u201d.<\/p>\n<p style=\"text-align: justify;\">Por su\u00a0\u00a0 parte, el Padre Adam Bartyzol agradeci\u00f3 a todos quienes participaron en la reuni\u00f3n porque representan a grupos de personas que participan en diferentes aspectos de las Fiestas, y\u00a0\u00a0 es muy importante conocer su punto de\u00a0\u00a0 vista ya que cada uno maneja detalles de las actividades que ayudan al correcto desarrollo de\u00a0\u00a0 las festividades de octubre y\u00a0\u00a0 diciembre.<\/p>\n<p style=\"text-align: justify;\">\u201cTodos deseamos m\u00e1s que nada expresar nuestra uni\u00f3n y\u00a0\u00a0 comuni\u00f3n porque somos una gran familia\u00a0\u00a0 y\u00a0\u00a0 en la fe tenemos nuestro apoyo y\u00a0\u00a0 fuerza para\u00a0\u00a0 soportar y resolver los problemas. Sin embargo, expresamos nuestra preocupaci\u00f3n y queremos ser responsables por\u00a0\u00a0 nuestro patrimonio por nuestro\u00a0\u00a0 tesoro que es la Imagen de nuestra\u00a0\u00a0 madre que es una responsabilidad que ha pasado de generaci\u00f3n en generaci\u00f3n porque la hemos recibido de\u00a0\u00a0 nuestros antepasados\u201d, finaliz\u00f3 el Padre Bartyzol.<\/p>\n","protected":false},"excerpt":{"rendered":"<p>El pasado 20 de noviembre en la ma\u00f1ana, en dependencias del\u00a0\u00a0 Municipio local se efect\u00fao\u00a0\u00a0 una reuni\u00f3n para\u00a0\u00a0 decidir el futuro\u00a0\u00a0 de la Fiesta Grande de Andacollo, que tradicionalmente es entre el\u00a0\u00a0 23 y\u00a0\u00a0 27\u00a0\u00a0 de diciembre. A la cita\u00a0\u00a0 acudieron el Alcalde, el Rector del\u00a0\u00a0 Santuario, el Cacique de los Bailes, funcionarios del Hospital, [&hellip;]<\/p>\n","protected":false},"author":3,"featured_media":0,"comment_status":"open","ping_status":"open","sticky":false,"template":"","format":"standard","meta":{"_acf_changed":false,"footnotes":""},"categories":[4,1],"tags":[772,2290,2460,2281,232,2699],"acf":[],"aioseo_notices":[],"_links":{"self":[{"href":"https:\/\/www.andacolloconectado.cl\/index.php\/wp-json\/wp\/v2\/posts\/9286"}],"collection":[{"href":"https:\/\/www.andacolloconectado.cl\/index.php\/wp-json\/wp\/v2\/posts"}],"about":[{"href":"https:\/\/www.andacolloconectado.cl\/index.php\/wp-json\/wp\/v2\/types\/post"}],"author":[{"embeddable":true,"href":"https:\/\/www.andacolloconectado.cl\/index.php\/wp-json\/wp\/v2\/users\/3"}],"replies":[{"embeddable":true,"href":"https:\/\/www.andacolloconectado.cl\/index.php\/wp-json\/wp\/v2\/comments?post=9286"}],"version-history":[{"count":2,"href":"https:\/\/www.andacolloconectado.cl\/index.php\/wp-json\/wp\/v2\/posts\/9286\/revisions"}],"predecessor-version":[{"id":9289,"href":"https:\/\/www.andacolloconectado.cl\/index.php\/wp-json\/wp\/v2\/posts\/9286\/revisions\/9289"}],"wp:attachment":[{"href":"https:\/\/www.andacolloconectado.cl\/index.php\/wp-json\/wp\/v2\/media?parent=9286"}],"wp:term":[{"taxonomy":"category","embeddable":true,"href":"https:\/\/www.andacolloconectado.cl\/index.php\/wp-json\/wp\/v2\/categories?post=9286"},{"taxonomy":"post_tag","embeddable":true,"href":"https:\/\/www.andacolloconectado.cl\/index.php\/wp-json\/wp\/v2\/tags?post=9286"}],"curies":[{"name":"wp","href":"https:\/\/api.w.org\/{rel}","templated":true}]}}