{"id":9420,"date":"2019-12-19T19:48:56","date_gmt":"2019-12-19T19:48:56","guid":{"rendered":"http:\/\/www.andacolloconectado.cl\/?p=9420"},"modified":"2019-12-19T19:48:56","modified_gmt":"2019-12-19T19:48:56","slug":"400-arboles-guayacanes-seran-plantados-en-el-sector-el-runco","status":"publish","type":"post","link":"https:\/\/www.andacolloconectado.cl\/index.php\/400-arboles-guayacanes-seran-plantados-en-el-sector-el-runco\/","title":{"rendered":"400 \u00e1rboles guayacanes ser\u00e1n plantados en el sector \u201cEl Runco\u201d"},"content":{"rendered":"<p><strong><em>Estos ejemplares se sumar\u00e1n a los otros 900 de la misma especie, totalizando as\u00ed m\u00e1s de 1300 unidades de este \u00e1rbol en peligro de extinci\u00f3n.<\/em><\/strong><\/p>\n<p style=\"text-align: justify;\">Con la plantaci\u00f3n simb\u00f3lica de 20 guayacanes por parte de ejecutivos de Teck Carmen de Andacollo (CDA), se dio el vamos al proceso de forestaci\u00f3n de 400 ejemplares de la mencionada variedad en el \u00e1rea protegida \u201cEl Runco\u201d.<\/p>\n<p style=\"text-align: justify;\">La particularidad de esta iniciativa, radica en que las semillas utilizadas fueron recolectadas de los \u00e1rboles que se encontraban en el \u00e1rea de influencia del Proyecto Hip\u00f3geno de Teck CDA, las que fueron enviadas al Instituto de Investigaciones Agropecuarias (INIA) para su an\u00e1lisis. El organismo se reserv\u00f3 algunas para su semillero y posteriormente devolvieron una cantidad importante al El Runco para ser tratadas y sembradas.<\/p>\n<p style=\"text-align: justify;\">Ximena Retamal, superintendente de Medio Ambiente Teck CDA, manifest\u00f3 su satisfacci\u00f3n por este importante hito, se\u00f1alando que \u201cestos son los primeros Guayacanes que germinamos a partir de las semillas que recolectamos de los ejemplares que hab\u00eda en las \u00e1reas de influencia.\u00a0 Estas semillas fueron recolectadas, conservadas y viverizadas en el mismo vivero que tenemos ac\u00e1 en nuestra zona de protecci\u00f3n, lo que es un gran logro\u201d, sostuvo.<\/p>\n<p style=\"text-align: justify;\">El Runco es reconocido por contar con m\u00e1s de 4 mil unidades de especies end\u00e9micas, flora y fauna, de diversos tipos. Son 20 hect\u00e1reas de paisajes semides\u00e9rtico que contienen cerros con vegetaci\u00f3n baja y afloramientos rocosos. Actualmente, el trabajo en dicho recinto est\u00e1 siendo encabezado por el \u00e1rea de Medio Ambiente de Carmen de Andacollo y cuenta con el apoyo de la empresa colaboradora andacollina \u201cTres Patitos\u201d, quienes cumplen un rol fundamental en la mantenci\u00f3n del vivero y las tareas de reutilizaci\u00f3n de residuos.<\/p>\n<p style=\"text-align: justify;\">Manuel Novoa, gerente general Teck CDA, plant\u00f3 el primer guayac\u00e1n, al que bautiz\u00f3 como \u201cEsperanza\u201d. En la ocasi\u00f3n, el ejecutivo destac\u00f3 el hito y manifest\u00f3 su orgullo por lo que se est\u00e1 dejando para el futuro y las generaciones venideras de Andacollo.<\/p>\n<p style=\"text-align: justify;\">\u201cEsta especie es un \u00e1rbol que demora mucho tiempo en crecer, entonces hay que valorar el trabajo que ha desarrollado el equipo de medio ambiente junto con la empresa colaboradora que est\u00e1 apoyando en este sitio de conservaci\u00f3n; ac\u00e1 hay mucho esfuerzo, dedicaci\u00f3n y gracias a eso se han obtenido lindos frutos\u201d, asever\u00f3.<\/p>\n<p style=\"text-align: justify;\">Se espera que el trabajo de plantaci\u00f3n de los 400 guayacanes finalice durante la temporada estival, para luego dar paso al particular cuidado que debe tener esta especie para su desarrollo que crece, en promedio, cuatro cent\u00edmetros por a\u00f1o.<\/p>\n","protected":false},"excerpt":{"rendered":"<p>Estos ejemplares se sumar\u00e1n a los otros 900 de la misma especie, totalizando as\u00ed m\u00e1s de 1300 unidades de este \u00e1rbol en peligro de extinci\u00f3n. Con la plantaci\u00f3n simb\u00f3lica de 20 guayacanes por parte de ejecutivos de Teck Carmen de Andacollo (CDA), se dio el vamos al proceso de forestaci\u00f3n de 400 ejemplares de la [&hellip;]<\/p>\n","protected":false},"author":3,"featured_media":0,"comment_status":"open","ping_status":"open","sticky":false,"template":"","format":"standard","meta":{"_acf_changed":false,"footnotes":""},"categories":[4,1],"tags":[],"acf":[],"aioseo_notices":[],"_links":{"self":[{"href":"https:\/\/www.andacolloconectado.cl\/index.php\/wp-json\/wp\/v2\/posts\/9420"}],"collection":[{"href":"https:\/\/www.andacolloconectado.cl\/index.php\/wp-json\/wp\/v2\/posts"}],"about":[{"href":"https:\/\/www.andacolloconectado.cl\/index.php\/wp-json\/wp\/v2\/types\/post"}],"author":[{"embeddable":true,"href":"https:\/\/www.andacolloconectado.cl\/index.php\/wp-json\/wp\/v2\/users\/3"}],"replies":[{"embeddable":true,"href":"https:\/\/www.andacolloconectado.cl\/index.php\/wp-json\/wp\/v2\/comments?post=9420"}],"version-history":[{"count":2,"href":"https:\/\/www.andacolloconectado.cl\/index.php\/wp-json\/wp\/v2\/posts\/9420\/revisions"}],"predecessor-version":[{"id":9423,"href":"https:\/\/www.andacolloconectado.cl\/index.php\/wp-json\/wp\/v2\/posts\/9420\/revisions\/9423"}],"wp:attachment":[{"href":"https:\/\/www.andacolloconectado.cl\/index.php\/wp-json\/wp\/v2\/media?parent=9420"}],"wp:term":[{"taxonomy":"category","embeddable":true,"href":"https:\/\/www.andacolloconectado.cl\/index.php\/wp-json\/wp\/v2\/categories?post=9420"},{"taxonomy":"post_tag","embeddable":true,"href":"https:\/\/www.andacolloconectado.cl\/index.php\/wp-json\/wp\/v2\/tags?post=9420"}],"curies":[{"name":"wp","href":"https:\/\/api.w.org\/{rel}","templated":true}]}}