{"id":9536,"date":"2020-01-16T19:18:24","date_gmt":"2020-01-16T19:18:24","guid":{"rendered":"http:\/\/www.andacolloconectado.cl\/?p=9536"},"modified":"2020-01-16T19:18:24","modified_gmt":"2020-01-16T19:18:24","slug":"cuerpo-de-bomberos-realiza-inspeccion-de-prevencion-en-compania-teck-cda","status":"publish","type":"post","link":"https:\/\/www.andacolloconectado.cl\/index.php\/cuerpo-de-bomberos-realiza-inspeccion-de-prevencion-en-compania-teck-cda\/","title":{"rendered":"Cuerpo de Bomberos realiza inspecci\u00f3n de prevenci\u00f3n en Compa\u00f1\u00eda Teck CDA"},"content":{"rendered":"<p style=\"text-align: justify;\">El pasado\u00a0 martes 14 de enero una Unidad del Cuerpo de Bomberos de Andacollo, a cargo de su Segundo Comandante, realiz\u00f3 una visita t\u00e9cnica de prevenci\u00f3n a las instalaciones de Compa\u00f1\u00eda Minera Teck CDA, con el fin de coordinar acciones ante eventuales emergencias que causen fuego industrial.<\/p>\n<p style=\"text-align: justify;\">Herman Segovia Araya, Segundo Comandante, indic\u00f3\u00a0 que \u201cel Cuerpo de Bomberos de Andacollo, en una uni\u00f3n estrat\u00e9gica de mutuo apoyo acude a las instalaciones de TECK a fin de poder conocer y coordinar acciones ante eventual fuego industrial\u00a0 en sus dependencias, en conjunto con su brigada de emergencia y personal de RESTEC\u201d.<\/p>\n<p style=\"text-align: justify;\">En el marco de este reconocimiento se procedieron a verificar puntos cr\u00edticos que puedan existir espec\u00edficamente en las Plantas concentradoras de Teck CDA, donde el personal de la Brigada de Emergencia de la Empresa Restec, explic\u00f3 algunos factores importantes que fueron compartidos y coordinados con el Segundo Comandante y los voluntarios.<\/p>\n<p style=\"text-align: justify;\">Cabe destacar que esta\u00a0 visita es parte de la\u00a0 alianza estrat\u00e9gica de cooperaci\u00f3n entre ambas organizaciones, que ya llevan varios a\u00f1os trabajando en forma conjunta para\u00a0 afrontar de mejor manera las diversas emergencias que\u00a0 puedan producirse tanto en la comuna como\u00a0 en la faena.<\/p>\n<p style=\"text-align: justify;\">Con apoyo de\u00a0 Teck, a trav\u00e9s de Restec se han impartido\u00a0 varias capacitaciones para los voluntarios andacollinos como: \u201cTaller de emergencias en espacios confinados\u201d, \u201cTaller de Hazmat en materiales peligrosos\u201d, \u201cPrimera Respuesta a Incidentes que involucran Materiales Peligrosos\u201dy \u201cRescate en altura\u201d.<\/p>\n<p style=\"text-align: justify;\">Finalmente, desde el Cuerpo de\u00a0 Bomberos se\u00f1alaron que durante este a\u00f1o 2020, continuar\u00e1n trabajando en las inspecciones y coordinaciones con cada una de las instituciones de la comuna, a fin de entregar una mejor respuesta ante una eventual emergencia.<\/p>\n","protected":false},"excerpt":{"rendered":"<p>El pasado\u00a0 martes 14 de enero una Unidad del Cuerpo de Bomberos de Andacollo, a cargo de su Segundo Comandante, realiz\u00f3 una visita t\u00e9cnica de prevenci\u00f3n a las instalaciones de Compa\u00f1\u00eda Minera Teck CDA, con el fin de coordinar acciones ante eventuales emergencias que causen fuego industrial. Herman Segovia Araya, Segundo Comandante, indic\u00f3\u00a0 que \u201cel [&hellip;]<\/p>\n","protected":false},"author":3,"featured_media":0,"comment_status":"open","ping_status":"open","sticky":false,"template":"","format":"standard","meta":{"_acf_changed":false,"footnotes":""},"categories":[4,1],"tags":[772,491,2759,2757,875,2758],"acf":[],"aioseo_notices":[],"_links":{"self":[{"href":"https:\/\/www.andacolloconectado.cl\/index.php\/wp-json\/wp\/v2\/posts\/9536"}],"collection":[{"href":"https:\/\/www.andacolloconectado.cl\/index.php\/wp-json\/wp\/v2\/posts"}],"about":[{"href":"https:\/\/www.andacolloconectado.cl\/index.php\/wp-json\/wp\/v2\/types\/post"}],"author":[{"embeddable":true,"href":"https:\/\/www.andacolloconectado.cl\/index.php\/wp-json\/wp\/v2\/users\/3"}],"replies":[{"embeddable":true,"href":"https:\/\/www.andacolloconectado.cl\/index.php\/wp-json\/wp\/v2\/comments?post=9536"}],"version-history":[{"count":1,"href":"https:\/\/www.andacolloconectado.cl\/index.php\/wp-json\/wp\/v2\/posts\/9536\/revisions"}],"predecessor-version":[{"id":9538,"href":"https:\/\/www.andacolloconectado.cl\/index.php\/wp-json\/wp\/v2\/posts\/9536\/revisions\/9538"}],"wp:attachment":[{"href":"https:\/\/www.andacolloconectado.cl\/index.php\/wp-json\/wp\/v2\/media?parent=9536"}],"wp:term":[{"taxonomy":"category","embeddable":true,"href":"https:\/\/www.andacolloconectado.cl\/index.php\/wp-json\/wp\/v2\/categories?post=9536"},{"taxonomy":"post_tag","embeddable":true,"href":"https:\/\/www.andacolloconectado.cl\/index.php\/wp-json\/wp\/v2\/tags?post=9536"}],"curies":[{"name":"wp","href":"https:\/\/api.w.org\/{rel}","templated":true}]}}