{"id":9633,"date":"2020-01-31T18:33:35","date_gmt":"2020-01-31T18:33:35","guid":{"rendered":"http:\/\/www.andacolloconectado.cl\/?p=9633"},"modified":"2020-01-31T18:33:35","modified_gmt":"2020-01-31T18:33:35","slug":"la-conga-de-su-madre-un-conjunto-que-trae-el-ritmo-de-la-pachanga-a-los-andacollinos","status":"publish","type":"post","link":"https:\/\/www.andacolloconectado.cl\/index.php\/la-conga-de-su-madre-un-conjunto-que-trae-el-ritmo-de-la-pachanga-a-los-andacollinos\/","title":{"rendered":"\u201cLa Conga de su Madre\u201d un conjunto que trae el ritmo de la Pachanga a los andacollinos"},"content":{"rendered":"<p style=\"text-align: justify;\">Este reci\u00e9n formado grupo andacollino se cre\u00f3 a finales del mes de septiembre del 2019 cuando se reunieron diez m\u00fasicos para traer una nueva propuesta a los escenarios locales y ser una alternativa a la hora de las celebraciones.<\/p>\n<p style=\"text-align: justify;\">La Conga de su Madre est\u00e1 integrada por: Menadier Vega, Eduardo Arancibia, Jean Blanco, Nicol\u00e1s Blanco, Jorge L\u00f3pez, Juan Gonz\u00e1lez, Mauricio Espinoza, H\u00e9ctor Cuello, Sebasti\u00e1n \u00c1ngel y Claudio D\u00edaz.<\/p>\n<p style=\"text-align: justify;\">Seg\u00fan explica Menadier Vega, a cargo de la animaci\u00f3n, el grupo ha tenido bastante aceptaci\u00f3n en estos 4 meses, sus presentaciones han sido principalmente en eventos privados. Ante el p\u00fablico masivo debutaron en el Boulevard del aniversario de Andacollo en el mes de diciembre y hace una semana estuvieron a cargo del bailable de coronaci\u00f3n de los Sextos Juegos Familiares de verano.<\/p>\n<p style=\"text-align: justify;\">Entre sus proyectos destacan la composici\u00f3n de canciones originales para crear un repertorio propio, para lo cual ya cuentan con algunos temas del cantautor local Patricio Araya y algunos creados dentro del grupo, en los cuales est\u00e1n trabajando para adaptarlos al ritmo de la Pachanga.<\/p>\n<p style=\"text-align: justify;\">Vega tambi\u00e9n adelant\u00f3 que \u201ctenemos propuestas de Coquimbo con los Pata Negra y Los caleta de Cumbia para hacer un show pachanguero que lo queremos traer a Andacollo, estamos viendo un lugar donde hacer ese evento para que la gente que le guste la pachanga vaya y participe\u201d.<\/p>\n<p style=\"text-align: justify;\">Por lo pronto su pr\u00f3xima actuaci\u00f3n ser\u00e1 ma\u00f1ana s\u00e1bado 1 de febrero en un Caf\u00e9 Concert a beneficio de Johany Mart\u00ednez, en la sede del Barrio Mart\u00ednez a partir de las 22:00 hrs.<\/p>\n<p style=\"text-align: justify;\">\n<p>&nbsp;<\/p>\n","protected":false},"excerpt":{"rendered":"<p>Este reci\u00e9n formado grupo andacollino se cre\u00f3 a finales del mes de septiembre del 2019 cuando se reunieron diez m\u00fasicos para traer una nueva propuesta a los escenarios locales y ser una alternativa a la hora de las celebraciones. La Conga de su Madre est\u00e1 integrada por: Menadier Vega, Eduardo Arancibia, Jean Blanco, Nicol\u00e1s Blanco, [&hellip;]<\/p>\n","protected":false},"author":3,"featured_media":0,"comment_status":"open","ping_status":"open","sticky":false,"template":"","format":"standard","meta":{"_acf_changed":false,"footnotes":""},"categories":[4,1],"tags":[],"acf":[],"aioseo_notices":[],"_links":{"self":[{"href":"https:\/\/www.andacolloconectado.cl\/index.php\/wp-json\/wp\/v2\/posts\/9633"}],"collection":[{"href":"https:\/\/www.andacolloconectado.cl\/index.php\/wp-json\/wp\/v2\/posts"}],"about":[{"href":"https:\/\/www.andacolloconectado.cl\/index.php\/wp-json\/wp\/v2\/types\/post"}],"author":[{"embeddable":true,"href":"https:\/\/www.andacolloconectado.cl\/index.php\/wp-json\/wp\/v2\/users\/3"}],"replies":[{"embeddable":true,"href":"https:\/\/www.andacolloconectado.cl\/index.php\/wp-json\/wp\/v2\/comments?post=9633"}],"version-history":[{"count":1,"href":"https:\/\/www.andacolloconectado.cl\/index.php\/wp-json\/wp\/v2\/posts\/9633\/revisions"}],"predecessor-version":[{"id":9635,"href":"https:\/\/www.andacolloconectado.cl\/index.php\/wp-json\/wp\/v2\/posts\/9633\/revisions\/9635"}],"wp:attachment":[{"href":"https:\/\/www.andacolloconectado.cl\/index.php\/wp-json\/wp\/v2\/media?parent=9633"}],"wp:term":[{"taxonomy":"category","embeddable":true,"href":"https:\/\/www.andacolloconectado.cl\/index.php\/wp-json\/wp\/v2\/categories?post=9633"},{"taxonomy":"post_tag","embeddable":true,"href":"https:\/\/www.andacolloconectado.cl\/index.php\/wp-json\/wp\/v2\/tags?post=9633"}],"curies":[{"name":"wp","href":"https:\/\/api.w.org\/{rel}","templated":true}]}}