{"id":9797,"date":"2020-03-10T19:55:08","date_gmt":"2020-03-10T19:55:08","guid":{"rendered":"http:\/\/www.andacolloconectado.cl\/?p=9797"},"modified":"2020-03-10T19:55:08","modified_gmt":"2020-03-10T19:55:08","slug":"union-comunal-de-adultos-mayores-cuenta-con-un-nuevo-cierre-perimetral","status":"publish","type":"post","link":"https:\/\/www.andacolloconectado.cl\/index.php\/union-comunal-de-adultos-mayores-cuenta-con-un-nuevo-cierre-perimetral\/","title":{"rendered":"Uni\u00f3n Comunal de Adultos Mayores cuenta con un nuevo cierre perimetral"},"content":{"rendered":"<p style=\"text-align: justify;\">Ayer lunes se iniciaron las actividades correspondientes al a\u00f1o 2020 de la Uni\u00f3n Comunal de Adultos Mayores (UCAM) y junto con la planificaci\u00f3n de los proyectos, los socios recibieron oficialmente las obras de construcci\u00f3n de un nuevo cierre perimetral.<\/p>\n<p style=\"text-align: justify;\">La UCAM es una organizaci\u00f3n que agrupa a los 22 clubes que existen en nuestra comuna y los arreglos consistieron en la renovaci\u00f3n de las panderetas, en el levantamiento del muro y en la instalaci\u00f3n de alambres de p\u00faas para dar mayor seguridad a la sede que anteriormente se vio afectada por robos.<\/p>\n<p style=\"text-align: justify;\">La construcci\u00f3n del cierre, financiado por Compa\u00f1\u00eda Teck CDA, es la culminaci\u00f3n del mejoramiento de la infraestructura de la sede que incluy\u00f3 las obras entregadas en diciembre del 2019, lo que permiti\u00f3 la renovaci\u00f3n de todo el piso del local y de las ventanas. El trabajo fue realizado por la empresa andacollina Pasmar, quienes tambi\u00e9n aportaron con la edificaci\u00f3n de una muralla y la instalaci\u00f3n de una bomba de agua.<\/p>\n<p style=\"text-align: justify;\">La Sra. Mirza Quintana, presidenta de la UCAM, agradeci\u00f3 el apoyo de las empresas privadas para concretar este anhelado sue\u00f1o, ya que desde ahora los socios cuentan con un espacio acogedor, c\u00f3modo y con seguridad para poder realizar sus reuniones y celebraciones.<\/p>\n<p style=\"text-align: justify;\">\u201cHoy le pedimos a las directivas de los Clubes que hablen entre ellos para saber qu\u00e9 proyectos quieren este a\u00f1o para darle vida a nuestra sede que est\u00e1 muy bonita. Tambi\u00e9n les pedimos que sigan haciendo trabajos para demostrar que somos \u00fatiles y que aprovechen de invitar a m\u00e1s adultos a participar y que los reciban con cari\u00f1o\u201d, se\u00f1al\u00f3 la dirigente.<\/p>\n<p style=\"text-align: justify;\">Por su parte, Paulo Barraza, gerente de Gesti\u00f3n Comunitaria explic\u00f3 que estas obras responden al trabajo de constante apoyo con la UCAM para mejorar su local y responde a la inquietud de las bases porque ellos mismos priorizaron sus necesidades. \u201cLo importante es destacar el trabajo de los dirigentes, del trabajo de esta Uni\u00f3n Comunal, se nota el trabajo y el uso que le dan a esta sede. Eso es lo relevante porque lo que se busca cuando se generan mejoras en este tipo de espacios es que los vecinos y las organizaciones puedan usarla para generar comunidad en torno a los espacios f\u00edsicos\u201d, concluy\u00f3 el ejecutivo.<\/p>\n","protected":false},"excerpt":{"rendered":"<p>Ayer lunes se iniciaron las actividades correspondientes al a\u00f1o 2020 de la Uni\u00f3n Comunal de Adultos Mayores (UCAM) y junto con la planificaci\u00f3n de los proyectos, los socios recibieron oficialmente las obras de construcci\u00f3n de un nuevo cierre perimetral. La UCAM es una organizaci\u00f3n que agrupa a los 22 clubes que existen en nuestra comuna [&hellip;]<\/p>\n","protected":false},"author":3,"featured_media":0,"comment_status":"open","ping_status":"open","sticky":false,"template":"","format":"standard","meta":{"_acf_changed":false,"footnotes":""},"categories":[4,1],"tags":[],"acf":[],"aioseo_notices":[],"_links":{"self":[{"href":"https:\/\/www.andacolloconectado.cl\/index.php\/wp-json\/wp\/v2\/posts\/9797"}],"collection":[{"href":"https:\/\/www.andacolloconectado.cl\/index.php\/wp-json\/wp\/v2\/posts"}],"about":[{"href":"https:\/\/www.andacolloconectado.cl\/index.php\/wp-json\/wp\/v2\/types\/post"}],"author":[{"embeddable":true,"href":"https:\/\/www.andacolloconectado.cl\/index.php\/wp-json\/wp\/v2\/users\/3"}],"replies":[{"embeddable":true,"href":"https:\/\/www.andacolloconectado.cl\/index.php\/wp-json\/wp\/v2\/comments?post=9797"}],"version-history":[{"count":1,"href":"https:\/\/www.andacolloconectado.cl\/index.php\/wp-json\/wp\/v2\/posts\/9797\/revisions"}],"predecessor-version":[{"id":9799,"href":"https:\/\/www.andacolloconectado.cl\/index.php\/wp-json\/wp\/v2\/posts\/9797\/revisions\/9799"}],"wp:attachment":[{"href":"https:\/\/www.andacolloconectado.cl\/index.php\/wp-json\/wp\/v2\/media?parent=9797"}],"wp:term":[{"taxonomy":"category","embeddable":true,"href":"https:\/\/www.andacolloconectado.cl\/index.php\/wp-json\/wp\/v2\/categories?post=9797"},{"taxonomy":"post_tag","embeddable":true,"href":"https:\/\/www.andacolloconectado.cl\/index.php\/wp-json\/wp\/v2\/tags?post=9797"}],"curies":[{"name":"wp","href":"https:\/\/api.w.org\/{rel}","templated":true}]}}