{"id":9847,"date":"2020-03-23T17:15:13","date_gmt":"2020-03-23T17:15:13","guid":{"rendered":"http:\/\/www.andacolloconectado.cl\/?p=9847"},"modified":"2020-03-23T17:16:17","modified_gmt":"2020-03-23T17:16:17","slug":"comunicado","status":"publish","type":"post","link":"https:\/\/www.andacolloconectado.cl\/index.php\/comunicado\/","title":{"rendered":"Comunicado Teck Carmen de Andacollo sobre COVID-19"},"content":{"rendered":"<p style=\"text-align: justify;\">Debido a la contingencia de salud originada por el COVID-19 Teck Chile y su operaci\u00f3n Carmen de Andacollo, han tomado una serie de medidas que contribuyan a evitar el contagio y de esa manera resguardar la salud de los trabajadores y trabajadoras, tanto propios como de empresas colaboradoras, as\u00ed como tambi\u00e9n de los vecinos de Andacollo.<\/p>\n<p style=\"text-align: justify;\">Por lo anterior, el equipo de Gesti\u00f3n Comunitaria de Teck CDA atender\u00e1 desde este viernes 20 de marzo, solo a trav\u00e9s de llamadas telef\u00f3nicas y correos electr\u00f3nicos hasta nuevo aviso; esto implica que las oficinas de la Casa de Andacollo no estar\u00e1n abiertas al p\u00fablico.<\/p>\n<p style=\"text-align: justify;\">Para contactarlos, podr\u00e1n hacerlo a trav\u00e9s de los siguientes medios:<\/p>\n<ul style=\"text-align: justify;\">\n<li>Roberto Riffo, Jefe de Desarrollo Comunitario:<\/li>\n<\/ul>\n<p style=\"text-align: justify;\">979882665, <a href=\"mailto:Roberto.Riffo@teck.com\">Roberto.Riffo@teck.com<\/a><\/p>\n<ul style=\"text-align: justify;\">\n<li>Pedro C\u00e1ceres, Coordinador de Relaciones Comunitarias:<\/li>\n<\/ul>\n<p style=\"text-align: justify;\">931929093, <a href=\"mailto:Pedro.Caceres@teck.com\">Pedro.Caceres@teck.com<\/a><\/p>\n<ul style=\"text-align: justify;\">\n<li>Jorge Valdebenito, Coordinador de Relaciones Comunitarias:<\/li>\n<\/ul>\n<p style=\"text-align: justify;\">966077867, <a href=\"mailto:Jorge.Valdebenito@teck.com\">Jorge.Valdebenito@teck.com<\/a><\/p>\n<ul style=\"text-align: justify;\">\n<li>Barbara Gui\u00f1ez, Coordinadora de Relaciones Comunitarias:<\/li>\n<\/ul>\n<p style=\"text-align: justify;\">931929092, <a href=\"mailto:Barbara.Guinez@teck.com\">Barbara.Guinez@teck.com<\/a><\/p>\n<ul style=\"text-align: justify;\">\n<li>Roxana Espinoza, Especialista Comunidades:<\/li>\n<\/ul>\n<p style=\"text-align: justify;\">976670024, <a href=\"mailto:Roxana.Espinoza@teck.com\">Roxana.Espinoza@teck.com<\/a><\/p>\n<p style=\"text-align: justify;\">Asimismo, disponemos del correo de comunidades <a href=\"mailto:comunidades.cda@teck.com\">comunidades.cda@teck.com<\/a> y nuestra l\u00ednea gratuita 800 58 00 22.<\/p>\n<p style=\"text-align: justify;\">Atentamente,<\/p>\n<p style=\"text-align: justify;\"><strong>Paulo Barraza<\/strong><\/p>\n<p style=\"text-align: justify;\"><strong>Gerente de Gesti\u00f3n Comunitaria <\/strong><\/p>\n<p style=\"text-align: justify;\"><strong>Teck Carmen de Andacollo<\/strong><\/p>\n","protected":false},"excerpt":{"rendered":"<p>Debido a la contingencia de salud originada por el COVID-19 Teck Chile y su operaci\u00f3n Carmen de Andacollo, han tomado una serie de medidas que contribuyan a evitar el contagio y de esa manera resguardar la salud de los trabajadores y trabajadoras, tanto propios como de empresas colaboradoras, as\u00ed como tambi\u00e9n de los vecinos de [&hellip;]<\/p>\n","protected":false},"author":3,"featured_media":0,"comment_status":"open","ping_status":"open","sticky":false,"template":"","format":"standard","meta":{"_acf_changed":false,"footnotes":""},"categories":[4,1],"tags":[],"acf":[],"aioseo_notices":[],"_links":{"self":[{"href":"https:\/\/www.andacolloconectado.cl\/index.php\/wp-json\/wp\/v2\/posts\/9847"}],"collection":[{"href":"https:\/\/www.andacolloconectado.cl\/index.php\/wp-json\/wp\/v2\/posts"}],"about":[{"href":"https:\/\/www.andacolloconectado.cl\/index.php\/wp-json\/wp\/v2\/types\/post"}],"author":[{"embeddable":true,"href":"https:\/\/www.andacolloconectado.cl\/index.php\/wp-json\/wp\/v2\/users\/3"}],"replies":[{"embeddable":true,"href":"https:\/\/www.andacolloconectado.cl\/index.php\/wp-json\/wp\/v2\/comments?post=9847"}],"version-history":[{"count":2,"href":"https:\/\/www.andacolloconectado.cl\/index.php\/wp-json\/wp\/v2\/posts\/9847\/revisions"}],"predecessor-version":[{"id":9851,"href":"https:\/\/www.andacolloconectado.cl\/index.php\/wp-json\/wp\/v2\/posts\/9847\/revisions\/9851"}],"wp:attachment":[{"href":"https:\/\/www.andacolloconectado.cl\/index.php\/wp-json\/wp\/v2\/media?parent=9847"}],"wp:term":[{"taxonomy":"category","embeddable":true,"href":"https:\/\/www.andacolloconectado.cl\/index.php\/wp-json\/wp\/v2\/categories?post=9847"},{"taxonomy":"post_tag","embeddable":true,"href":"https:\/\/www.andacolloconectado.cl\/index.php\/wp-json\/wp\/v2\/tags?post=9847"}],"curies":[{"name":"wp","href":"https:\/\/api.w.org\/{rel}","templated":true}]}}