{"id":9869,"date":"2020-03-28T23:33:58","date_gmt":"2020-03-28T23:33:58","guid":{"rendered":"http:\/\/www.andacolloconectado.cl\/?p=9869"},"modified":"2020-03-28T23:42:44","modified_gmt":"2020-03-28T23:42:44","slug":"teck-carmen-de-andacollo-adopta-nuevas-medidas-ante-el-covid-19","status":"publish","type":"post","link":"https:\/\/www.andacolloconectado.cl\/index.php\/teck-carmen-de-andacollo-adopta-nuevas-medidas-ante-el-covid-19\/","title":{"rendered":"Teck Carmen de Andacollo adopta nuevas medidas  ante el COVID-19"},"content":{"rendered":"<p>Frente a la contingencia provocada por el COVID-19 Teck Carmen de Andacollo (Teck CDA), sigue sumando diferentes medidas de control, que permitan disminuir los riesgos de sus trabajadores y comunidades cercanas ante la emergencia.<\/p>\n<p>En este sentido, siguiendo con el plan de manejo ante esta crisis y las m\u00e1s de veinte medidas ya adoptadas, se han establecido nuevas acciones respecto a aquellos aspectos operacionales esenciales, como son las mantenciones que realiza la empresa de forma regular y que est\u00e1n sufriendo diferentes cambios.<\/p>\n<p>Al respecto, Manuel Novoa, gerente general de la minera explica que \u201clas mantenciones programadas mensualmente han sido revisadas en su totalidad y se tiene un plan para abordar este aspecto operacional de una forma diferente. Las medidas en respuesta al COVID-19hacen que hoy no sea posible hacer una mantenci\u00f3n como las que conoc\u00edamos, por lo que estamos implementando revisiones cr\u00edticas, de ajuste y reemplazo en nuestras operaciones que sean esenciales\u201d.<\/p>\n<p>En lo inmediato la pr\u00f3xima actividad de revisi\u00f3n operacional programada ha quedado establecida para el d\u00eda martes 31 de marzo y se considerar\u00e1n las siguientes medidas:<\/p>\n<ul>\n<li>Ser\u00e1 realizada con un grupo de 31 personas.<\/li>\n<li>El 100% de esos trabajadores son de Andacollo (pertenecientes a cinco empresas locales)<\/li>\n<li>Se contar\u00e1 con el soporte de diez de trabajadores directos de Teck CDA que ser\u00e1n destinados para este tipo de trabajos.<\/li>\n<li>Estas actividades no requerir\u00e1n alojamiento extraordinario y se realizar\u00e1n en la jornada habitual de un turno operacional.<\/li>\n<li>Se est\u00e1n redoblando las medidas de control de acuerdo a lo que nos indica la autoridad sanitaria respectiva.<\/li>\n<\/ul>\n<p>Asimismo, se ha decidido \u201cque como medidas extraordinarias se comience con la sanitizaci\u00f3n de veh\u00edculos menores al ingreso de faena y el lavado de ruedas a la salida de nuestras instalaciones, aplicando hipoclorito de sodio. Asimismo, en los pr\u00f3ximos d\u00edas comenzaremos a aplicar amonio cuaternario, que es un desinfectante de alta gama, a los camiones barredores que realizan trabajos de limpieza en las calles de Andacollo\u201d, explic\u00f3 Novoa.<\/p>\n<p>\u201cEl \u00faltimo punto es solo un ejemplo de que queremos ir m\u00e1s all\u00e1 de las medidas b\u00e1sicas, entregandocomunicaci\u00f3n real y oportuna a toda la comunidad en un momento como este\u201d, puntualizan desde la empresa.<\/p>\n","protected":false},"excerpt":{"rendered":"<p>Frente a la contingencia provocada por el COVID-19 Teck Carmen de Andacollo (Teck CDA), sigue sumando diferentes medidas de control, que permitan disminuir los riesgos de sus trabajadores y comunidades cercanas ante la emergencia. En este sentido, siguiendo con el plan de manejo ante esta crisis y las m\u00e1s de veinte medidas ya adoptadas, se [&hellip;]<\/p>\n","protected":false},"author":3,"featured_media":0,"comment_status":"open","ping_status":"open","sticky":false,"template":"","format":"standard","meta":{"_acf_changed":false,"footnotes":""},"categories":[1],"tags":[],"acf":[],"aioseo_notices":[],"_links":{"self":[{"href":"https:\/\/www.andacolloconectado.cl\/index.php\/wp-json\/wp\/v2\/posts\/9869"}],"collection":[{"href":"https:\/\/www.andacolloconectado.cl\/index.php\/wp-json\/wp\/v2\/posts"}],"about":[{"href":"https:\/\/www.andacolloconectado.cl\/index.php\/wp-json\/wp\/v2\/types\/post"}],"author":[{"embeddable":true,"href":"https:\/\/www.andacolloconectado.cl\/index.php\/wp-json\/wp\/v2\/users\/3"}],"replies":[{"embeddable":true,"href":"https:\/\/www.andacolloconectado.cl\/index.php\/wp-json\/wp\/v2\/comments?post=9869"}],"version-history":[{"count":4,"href":"https:\/\/www.andacolloconectado.cl\/index.php\/wp-json\/wp\/v2\/posts\/9869\/revisions"}],"predecessor-version":[{"id":9873,"href":"https:\/\/www.andacolloconectado.cl\/index.php\/wp-json\/wp\/v2\/posts\/9869\/revisions\/9873"}],"wp:attachment":[{"href":"https:\/\/www.andacolloconectado.cl\/index.php\/wp-json\/wp\/v2\/media?parent=9869"}],"wp:term":[{"taxonomy":"category","embeddable":true,"href":"https:\/\/www.andacolloconectado.cl\/index.php\/wp-json\/wp\/v2\/categories?post=9869"},{"taxonomy":"post_tag","embeddable":true,"href":"https:\/\/www.andacolloconectado.cl\/index.php\/wp-json\/wp\/v2\/tags?post=9869"}],"curies":[{"name":"wp","href":"https:\/\/api.w.org\/{rel}","templated":true}]}}