{"id":9960,"date":"2020-05-23T00:00:41","date_gmt":"2020-05-23T00:00:41","guid":{"rendered":"http:\/\/www.andacolloconectado.cl\/?p=9960"},"modified":"2020-05-23T00:00:56","modified_gmt":"2020-05-23T00:00:56","slug":"santuario-de-andacollo-participara-en-la-novena-nacional-de-imploracion-al-espiritu-santo","status":"publish","type":"post","link":"https:\/\/www.andacolloconectado.cl\/index.php\/santuario-de-andacollo-participara-en-la-novena-nacional-de-imploracion-al-espiritu-santo\/","title":{"rendered":"Santuario de Andacollo participar\u00e1 en la Novena nacional de imploraci\u00f3n al Esp\u00edritu Santo"},"content":{"rendered":"<p>A partir de hoy viernes 22\u00a0\u00a0 y\u00a0 hasta el 31 de mayo a las 19\u00ba\u00ba hrs, \u00a0la Comisi\u00f3n Nacional de Santuarios y Piedad Popular, junto con diez Santuarios del pa\u00eds se han organizado para ofrecer una novena on line, que cada peregrino puede realizar desde su hogar.<\/p>\n<p>Diariamente cada Santuario nos invitar\u00e1 a participar en la Novena de la imploraci\u00f3n al Esp\u00edritu Santo. \u201cEn estos d\u00edas de incertidumbre, muchos peregrinos quisieran ir a un santuario para poner ante el Dios Padre, por intercesi\u00f3n del Se\u00f1or, la Virgen Mar\u00eda y los Santos, todo aquello que nos aqueja y que genera inseguridad, as\u00ed como agradecer la providencia y cercan\u00eda de Dios\u201d, explicaron en un comunicado desde el Santuario andacollino.<\/p>\n<p>Para participar hay que hacerlo a\u00a0 trav\u00e9s de la p\u00e1gina de Facebook \u201cIglesia Cat\u00f3lica\u00a0 Chile\u201d donde habr\u00e1 un link que corresponde cada d\u00eda a un Santuario. \u00a0Al Santuario Nuestra Se\u00f1ora de Andacollo le corresponder\u00e1 el d\u00eda 24, es decir, el pr\u00f3ximo domingo, a las 19 hrs. Ese d\u00eda tambi\u00e9n \u00a0la Novena ser\u00e1 transmitida para\u00a0 la comuna por el canal local Andacollo Se\u00f1al 6.<\/p>\n<p>Viernes 22: Santuario La Tirana, Iquique.<\/p>\n<p>S\u00e1bado 23: Santuario de Ayquina, Calama.<\/p>\n<p>Domingo 24: Santuario Nta. Sra del Rosario, Andacollo.<\/p>\n<p>Lunes 25: Santuario de Lo V\u00e1squez, Valpara\u00edso.<\/p>\n<p>Martes 26: Santuario Cerro San Crist\u00f3bal, Santiago.<\/p>\n<p>Mi\u00e9rcoles 27: Santuario Nacional de El Carmen, Maip\u00fa.<\/p>\n<p>Jueves 28: Santuario San Sebasti\u00e1n de Yumbel, Concepci\u00f3n.<\/p>\n<p>Viefnres 29: San Sebasti\u00e1n de Purranque, Osorno.<\/p>\n<p>S\u00e1bado 30: Santuario Jes\u00fas Nazareno, Punta Arenas.<\/p>\n<p>Domingo 31: Santuario de Shoenstatt, Bellavista, Santiago.<\/p>\n<p>&nbsp;<\/p>\n<p>&nbsp;<\/p>\n","protected":false},"excerpt":{"rendered":"<p>A partir de hoy viernes 22\u00a0\u00a0 y\u00a0 hasta el 31 de mayo a las 19\u00ba\u00ba hrs, \u00a0la Comisi\u00f3n Nacional de Santuarios y Piedad Popular, junto con diez Santuarios del pa\u00eds se han organizado para ofrecer una novena on line, que cada peregrino puede realizar desde su hogar. Diariamente cada Santuario nos invitar\u00e1 a participar en [&hellip;]<\/p>\n","protected":false},"author":3,"featured_media":0,"comment_status":"open","ping_status":"open","sticky":false,"template":"","format":"standard","meta":{"_acf_changed":false,"footnotes":""},"categories":[4,1],"tags":[],"acf":[],"aioseo_notices":[],"_links":{"self":[{"href":"https:\/\/www.andacolloconectado.cl\/index.php\/wp-json\/wp\/v2\/posts\/9960"}],"collection":[{"href":"https:\/\/www.andacolloconectado.cl\/index.php\/wp-json\/wp\/v2\/posts"}],"about":[{"href":"https:\/\/www.andacolloconectado.cl\/index.php\/wp-json\/wp\/v2\/types\/post"}],"author":[{"embeddable":true,"href":"https:\/\/www.andacolloconectado.cl\/index.php\/wp-json\/wp\/v2\/users\/3"}],"replies":[{"embeddable":true,"href":"https:\/\/www.andacolloconectado.cl\/index.php\/wp-json\/wp\/v2\/comments?post=9960"}],"version-history":[{"count":1,"href":"https:\/\/www.andacolloconectado.cl\/index.php\/wp-json\/wp\/v2\/posts\/9960\/revisions"}],"predecessor-version":[{"id":9962,"href":"https:\/\/www.andacolloconectado.cl\/index.php\/wp-json\/wp\/v2\/posts\/9960\/revisions\/9962"}],"wp:attachment":[{"href":"https:\/\/www.andacolloconectado.cl\/index.php\/wp-json\/wp\/v2\/media?parent=9960"}],"wp:term":[{"taxonomy":"category","embeddable":true,"href":"https:\/\/www.andacolloconectado.cl\/index.php\/wp-json\/wp\/v2\/categories?post=9960"},{"taxonomy":"post_tag","embeddable":true,"href":"https:\/\/www.andacolloconectado.cl\/index.php\/wp-json\/wp\/v2\/tags?post=9960"}],"curies":[{"name":"wp","href":"https:\/\/api.w.org\/{rel}","templated":true}]}}