{"id":3984,"count":1,"description":"","link":"https:\/\/www.andacolloconectado.cl\/index.php\/tag\/dia-internacional-de-la-lucha-contra-el-uso-indebido-y-el-trafico-ilicito-de-drogas\/","name":"D\u00eda Internacional de la Lucha contra el uso indebido y el tr\u00e1fico il\u00edcito de drogas","slug":"dia-internacional-de-la-lucha-contra-el-uso-indebido-y-el-trafico-ilicito-de-drogas","taxonomy":"post_tag","meta":[],"_links":{"self":[{"href":"https:\/\/www.andacolloconectado.cl\/index.php\/wp-json\/wp\/v2\/tags\/3984"}],"collection":[{"href":"https:\/\/www.andacolloconectado.cl\/index.php\/wp-json\/wp\/v2\/tags"}],"about":[{"href":"https:\/\/www.andacolloconectado.cl\/index.php\/wp-json\/wp\/v2\/taxonomies\/post_tag"}],"wp:post_type":[{"href":"https:\/\/www.andacolloconectado.cl\/index.php\/wp-json\/wp\/v2\/posts?tags=3984"}],"curies":[{"name":"wp","href":"https:\/\/api.w.org\/{rel}","templated":true}]}}